{"id":4894,"date":"2023-11-05T20:48:24","date_gmt":"2023-11-05T19:48:24","guid":{"rendered":"https:\/\/www.ataunturismoa.eus\/cable\/"},"modified":"2023-11-05T21:11:40","modified_gmt":"2023-11-05T20:11:40","slug":"cable","status":"publish","type":"post","link":"https:\/\/www.ataunturismoa.eus\/fr\/cable\/","title":{"rendered":"C\u00e2ble"},"content":{"rendered":"\n<p>Ce c\u00e2ble fut d\u00e9velopp\u00e9 dans de tr\u00e8s rares villages, puisque le syst\u00e8me est \u00e9troitement li\u00e9 \u00e0 l\u2019orographie. A Ataun, il repr\u00e9senta une grande \u00e9volution et remporta un vif succ\u00e8s parmi les habitants. Il sert aujourd\u2019hui \u00e0 transporter de l\u2019herbe. Une \u00e9tude r\u00e9alis\u00e9e en 1996 comptait 197 c\u00e2bles\u00a0; il en reste 32 sur pied et seuls 17 sont utilis\u00e9s. En effet, dans les ann\u00e9es 1950, les syst\u00e8mes tracteurs s\u2019\u00e9tendirent parmi les fermiers et, lorsque l\u2019industrialisation introduisit le pin, l\u2019usage du c\u00e2ble commen\u00e7a \u00e0 faiblir.<\/p>\n\n<p>Le c\u00e2ble est un syst\u00e8me de transport cr\u00e9\u00e9 pour faciliter les travaux agricoles. Le village d\u2019Ataun est situ\u00e9 dans une vall\u00e9e creus\u00e9e par le fleuve Agauntza et ses affluents\u00a0; on trouve de fortes pentes sur de tr\u00e8s courtes distances. L\u2019aspect abrupt du terrain fit que la plupart des fermes furent situ\u00e9es sur des flancs de montagnes, cr\u00e9ant ainsi des quartiers\u00a0; l\u2019herbe et les feuilles mortes devaient donc \u00eatre apport\u00e9es des sommets des montagnes, d\u2019une fa\u00e7on ou d\u2019une autre. Par le pass\u00e9, les mati\u00e8res premi\u00e8res n\u00e9cessaires \u00e9taient descendues par des chevaux ou sur le dos des agriculteurs, car il n\u2019existait pas encore de pistes pour les chariots. Ce fut ainsi jusqu\u2019au XX\u00e8me si\u00e8cle, puisque, dans les ann\u00e9es 1920, les habitants d\u2019Ataun commenc\u00e8rent \u00e0 utiliser le c\u00e2ble pour faciliter leurs travaux. Le c\u00e2ble s\u2019adapta parfaitement \u00e0 la vie des habitants d\u2019Ataun, au point de devenir le syst\u00e8me de transport de produits agricoles principal, gr\u00e2ce aux pentes de la vall\u00e9e. Le succ\u00e8s du c\u00e2ble fut tel qu\u2019il donna naissance au m\u00e9tier de c\u00e2blier.<\/p>\n\n<figure class=\"wp-block-gallery has-nested-images columns-default is-cropped wp-block-gallery-1 is-layout-flex wp-block-gallery-is-layout-flex\">\n<figure class=\"wp-block-image size-large\"><img loading=\"lazy\" decoding=\"async\" width=\"540\" height=\"388\" data-id=\"1086\" src=\"https:\/\/www.ataunturismoa.eus\/wp-content\/uploads\/2019\/10\/kablea-10.jpg\" alt=\"\" class=\"wp-image-1086\" srcset=\"https:\/\/www.ataunturismoa.eus\/wp-content\/uploads\/2019\/10\/kablea-10.jpg 540w, https:\/\/www.ataunturismoa.eus\/wp-content\/uploads\/2019\/10\/kablea-10-300x216.jpg 300w\" sizes=\"auto, (max-width: 540px) 100vw, 540px\" \/><\/figure>\n\n\n\n<figure class=\"wp-block-image size-large\"><img loading=\"lazy\" decoding=\"async\" width=\"540\" height=\"388\" data-id=\"1081\" src=\"https:\/\/www.ataunturismoa.eus\/wp-content\/uploads\/2019\/10\/kablea-09.jpg\" alt=\"\" class=\"wp-image-1081\" srcset=\"https:\/\/www.ataunturismoa.eus\/wp-content\/uploads\/2019\/10\/kablea-09.jpg 540w, https:\/\/www.ataunturismoa.eus\/wp-content\/uploads\/2019\/10\/kablea-09-300x216.jpg 300w\" sizes=\"auto, (max-width: 540px) 100vw, 540px\" \/><\/figure>\n\n\n\n<figure class=\"wp-block-image size-large\"><img loading=\"lazy\" decoding=\"async\" width=\"540\" height=\"388\" data-id=\"1076\" src=\"https:\/\/www.ataunturismoa.eus\/wp-content\/uploads\/2019\/10\/kablea-08.jpg\" alt=\"\" class=\"wp-image-1076\" srcset=\"https:\/\/www.ataunturismoa.eus\/wp-content\/uploads\/2019\/10\/kablea-08.jpg 540w, https:\/\/www.ataunturismoa.eus\/wp-content\/uploads\/2019\/10\/kablea-08-300x216.jpg 300w\" sizes=\"auto, (max-width: 540px) 100vw, 540px\" \/><\/figure>\n\n\n\n<figure class=\"wp-block-image size-large\"><img loading=\"lazy\" decoding=\"async\" width=\"540\" height=\"388\" data-id=\"1071\" src=\"https:\/\/www.ataunturismoa.eus\/wp-content\/uploads\/2019\/10\/kablea-07.jpg\" alt=\"\" class=\"wp-image-1071\" srcset=\"https:\/\/www.ataunturismoa.eus\/wp-content\/uploads\/2019\/10\/kablea-07.jpg 540w, https:\/\/www.ataunturismoa.eus\/wp-content\/uploads\/2019\/10\/kablea-07-300x216.jpg 300w\" sizes=\"auto, (max-width: 540px) 100vw, 540px\" \/><\/figure>\n\n\n\n<figure class=\"wp-block-image size-large\"><img loading=\"lazy\" decoding=\"async\" width=\"540\" height=\"388\" data-id=\"1066\" src=\"https:\/\/www.ataunturismoa.eus\/wp-content\/uploads\/2019\/10\/kablea-06.jpg\" alt=\"\" class=\"wp-image-1066\" srcset=\"https:\/\/www.ataunturismoa.eus\/wp-content\/uploads\/2019\/10\/kablea-06.jpg 540w, https:\/\/www.ataunturismoa.eus\/wp-content\/uploads\/2019\/10\/kablea-06-300x216.jpg 300w\" sizes=\"auto, (max-width: 540px) 100vw, 540px\" \/><\/figure>\n\n\n\n<figure class=\"wp-block-image size-large\"><img loading=\"lazy\" decoding=\"async\" width=\"540\" height=\"388\" data-id=\"1061\" src=\"https:\/\/www.ataunturismoa.eus\/wp-content\/uploads\/2019\/10\/kablea-05.jpg\" alt=\"\" class=\"wp-image-1061\" srcset=\"https:\/\/www.ataunturismoa.eus\/wp-content\/uploads\/2019\/10\/kablea-05.jpg 540w, https:\/\/www.ataunturismoa.eus\/wp-content\/uploads\/2019\/10\/kablea-05-300x216.jpg 300w\" sizes=\"auto, (max-width: 540px) 100vw, 540px\" \/><\/figure>\n\n\n\n<figure class=\"wp-block-image size-large\"><img loading=\"lazy\" decoding=\"async\" width=\"540\" height=\"388\" data-id=\"1056\" src=\"https:\/\/www.ataunturismoa.eus\/wp-content\/uploads\/2019\/10\/kablea-04.jpg\" alt=\"\" class=\"wp-image-1056\" srcset=\"https:\/\/www.ataunturismoa.eus\/wp-content\/uploads\/2019\/10\/kablea-04.jpg 540w, https:\/\/www.ataunturismoa.eus\/wp-content\/uploads\/2019\/10\/kablea-04-300x216.jpg 300w\" sizes=\"auto, (max-width: 540px) 100vw, 540px\" \/><\/figure>\n\n\n\n<figure class=\"wp-block-image size-large\"><img loading=\"lazy\" decoding=\"async\" width=\"540\" height=\"388\" data-id=\"1051\" src=\"https:\/\/www.ataunturismoa.eus\/wp-content\/uploads\/2019\/10\/kablea-03.jpg\" alt=\"\" class=\"wp-image-1051\" srcset=\"https:\/\/www.ataunturismoa.eus\/wp-content\/uploads\/2019\/10\/kablea-03.jpg 540w, https:\/\/www.ataunturismoa.eus\/wp-content\/uploads\/2019\/10\/kablea-03-300x216.jpg 300w\" sizes=\"auto, (max-width: 540px) 100vw, 540px\" \/><\/figure>\n\n\n\n<figure class=\"wp-block-image size-large\"><img loading=\"lazy\" decoding=\"async\" width=\"540\" height=\"388\" data-id=\"1046\" src=\"https:\/\/www.ataunturismoa.eus\/wp-content\/uploads\/2019\/10\/kablea-02.jpg\" alt=\"\" class=\"wp-image-1046\" srcset=\"https:\/\/www.ataunturismoa.eus\/wp-content\/uploads\/2019\/10\/kablea-02.jpg 540w, https:\/\/www.ataunturismoa.eus\/wp-content\/uploads\/2019\/10\/kablea-02-300x216.jpg 300w\" sizes=\"auto, (max-width: 540px) 100vw, 540px\" \/><\/figure>\n\n\n\n<figure class=\"wp-block-image size-large\"><img loading=\"lazy\" decoding=\"async\" width=\"600\" height=\"450\" data-id=\"1041\" src=\"https:\/\/www.ataunturismoa.eus\/wp-content\/uploads\/2019\/10\/arrondasaletxen-kablea.jpg\" alt=\"\" class=\"wp-image-1041\" srcset=\"https:\/\/www.ataunturismoa.eus\/wp-content\/uploads\/2019\/10\/arrondasaletxen-kablea.jpg 600w, https:\/\/www.ataunturismoa.eus\/wp-content\/uploads\/2019\/10\/arrondasaletxen-kablea-300x225.jpg 300w, https:\/\/www.ataunturismoa.eus\/wp-content\/uploads\/2019\/10\/arrondasaletxen-kablea-160x120.jpg 160w\" sizes=\"auto, (max-width: 600px) 100vw, 600px\" \/><\/figure>\n<\/figure>\n","protected":false},"excerpt":{"rendered":"<p>Ce c\u00e2ble fut d\u00e9velopp\u00e9 dans de tr\u00e8s rares villages, puisque le syst\u00e8me est \u00e9troitement li\u00e9 \u00e0 l\u2019orographie. A Ataun, il repr\u00e9senta une grande \u00e9volution et remporta un vif succ\u00e8s parmi les habitants. Il sert aujourd\u2019hui \u00e0 transporter de l\u2019herbe. Une \u00e9tude r\u00e9alis\u00e9e en 1996 comptait 197 c\u00e2bles\u00a0; il en reste 32 sur pied et seuls [&hellip;]<\/p>\n","protected":false},"author":5,"featured_media":1044,"comment_status":"closed","ping_status":"closed","sticky":false,"template":"","format":"standard","meta":{"footnotes":""},"categories":[39],"tags":[],"class_list":["post-4894","post","type-post","status-publish","format-standard","has-post-thumbnail","hentry","category-patrimoine-historique"],"acf":[],"yoast_head":"<!-- This site is optimized with the Yoast SEO plugin v27.5 - https:\/\/yoast.com\/product\/yoast-seo-wordpress\/ -->\n<title>C\u00e2ble - Ataun Turismoa<\/title>\n<meta name=\"robots\" content=\"index, follow, max-snippet:-1, max-image-preview:large, max-video-preview:-1\" \/>\n<link rel=\"canonical\" href=\"https:\/\/www.ataunturismoa.eus\/fr\/cable\/\" \/>\n<meta property=\"og:locale\" content=\"fr_FR\" \/>\n<meta property=\"og:type\" content=\"article\" \/>\n<meta property=\"og:title\" content=\"C\u00e2ble - Ataun Turismoa\" \/>\n<meta property=\"og:description\" content=\"Ce c\u00e2ble fut d\u00e9velopp\u00e9 dans de tr\u00e8s rares villages, puisque le syst\u00e8me est \u00e9troitement li\u00e9 \u00e0 l\u2019orographie. A Ataun, il repr\u00e9senta une grande \u00e9volution et remporta un vif succ\u00e8s parmi les habitants. Il sert aujourd\u2019hui \u00e0 transporter de l\u2019herbe. Une \u00e9tude r\u00e9alis\u00e9e en 1996 comptait 197 c\u00e2bles\u00a0; il en reste 32 sur pied et seuls [&hellip;]\" \/>\n<meta property=\"og:url\" content=\"https:\/\/www.ataunturismoa.eus\/fr\/cable\/\" \/>\n<meta property=\"og:site_name\" content=\"Ataun Turismoa\" \/>\n<meta property=\"article:published_time\" content=\"2023-11-05T19:48:24+00:00\" \/>\n<meta property=\"article:modified_time\" content=\"2023-11-05T20:11:40+00:00\" \/>\n<meta property=\"og:image\" content=\"https:\/\/www.ataunturismoa.eus\/wp-content\/uploads\/2019\/10\/arrondasaletxen-kablea.jpg\" \/>\n\t<meta property=\"og:image:width\" content=\"600\" \/>\n\t<meta property=\"og:image:height\" content=\"450\" \/>\n\t<meta property=\"og:image:type\" content=\"image\/jpeg\" \/>\n<meta name=\"author\" content=\"Unai\" \/>\n<meta name=\"twitter:card\" content=\"summary_large_image\" \/>\n<meta name=\"twitter:label1\" content=\"\u00c9crit par\" \/>\n\t<meta name=\"twitter:data1\" content=\"Unai\" \/>\n\t<meta name=\"twitter:label2\" content=\"Dur\u00e9e de lecture estim\u00e9e\" \/>\n\t<meta name=\"twitter:data2\" content=\"1 minute\" \/>\n<script type=\"application\/ld+json\" class=\"yoast-schema-graph\">{\"@context\":\"https:\\\/\\\/schema.org\",\"@graph\":[{\"@type\":\"Article\",\"@id\":\"https:\\\/\\\/www.ataunturismoa.eus\\\/fr\\\/cable\\\/#article\",\"isPartOf\":{\"@id\":\"https:\\\/\\\/www.ataunturismoa.eus\\\/fr\\\/cable\\\/\"},\"author\":{\"name\":\"Unai\",\"@id\":\"https:\\\/\\\/www.ataunturismoa.eus\\\/eu\\\/#\\\/schema\\\/person\\\/7d97f3ca1cff93662da761b13d8ed299\"},\"headline\":\"C\u00e2ble\",\"datePublished\":\"2023-11-05T19:48:24+00:00\",\"dateModified\":\"2023-11-05T20:11:40+00:00\",\"mainEntityOfPage\":{\"@id\":\"https:\\\/\\\/www.ataunturismoa.eus\\\/fr\\\/cable\\\/\"},\"wordCount\":300,\"image\":{\"@id\":\"https:\\\/\\\/www.ataunturismoa.eus\\\/fr\\\/cable\\\/#primaryimage\"},\"thumbnailUrl\":\"https:\\\/\\\/www.ataunturismoa.eus\\\/wp-content\\\/uploads\\\/2019\\\/10\\\/arrondasaletxen-kablea.jpg\",\"articleSection\":[\"Patrimoine historique\"],\"inLanguage\":\"fr-FR\"},{\"@type\":\"WebPage\",\"@id\":\"https:\\\/\\\/www.ataunturismoa.eus\\\/fr\\\/cable\\\/\",\"url\":\"https:\\\/\\\/www.ataunturismoa.eus\\\/fr\\\/cable\\\/\",\"name\":\"C\u00e2ble - Ataun Turismoa\",\"isPartOf\":{\"@id\":\"https:\\\/\\\/www.ataunturismoa.eus\\\/eu\\\/#website\"},\"primaryImageOfPage\":{\"@id\":\"https:\\\/\\\/www.ataunturismoa.eus\\\/fr\\\/cable\\\/#primaryimage\"},\"image\":{\"@id\":\"https:\\\/\\\/www.ataunturismoa.eus\\\/fr\\\/cable\\\/#primaryimage\"},\"thumbnailUrl\":\"https:\\\/\\\/www.ataunturismoa.eus\\\/wp-content\\\/uploads\\\/2019\\\/10\\\/arrondasaletxen-kablea.jpg\",\"datePublished\":\"2023-11-05T19:48:24+00:00\",\"dateModified\":\"2023-11-05T20:11:40+00:00\",\"author\":{\"@id\":\"https:\\\/\\\/www.ataunturismoa.eus\\\/eu\\\/#\\\/schema\\\/person\\\/7d97f3ca1cff93662da761b13d8ed299\"},\"breadcrumb\":{\"@id\":\"https:\\\/\\\/www.ataunturismoa.eus\\\/fr\\\/cable\\\/#breadcrumb\"},\"inLanguage\":\"fr-FR\",\"potentialAction\":[{\"@type\":\"ReadAction\",\"target\":[\"https:\\\/\\\/www.ataunturismoa.eus\\\/fr\\\/cable\\\/\"]}]},{\"@type\":\"ImageObject\",\"inLanguage\":\"fr-FR\",\"@id\":\"https:\\\/\\\/www.ataunturismoa.eus\\\/fr\\\/cable\\\/#primaryimage\",\"url\":\"https:\\\/\\\/www.ataunturismoa.eus\\\/wp-content\\\/uploads\\\/2019\\\/10\\\/arrondasaletxen-kablea.jpg\",\"contentUrl\":\"https:\\\/\\\/www.ataunturismoa.eus\\\/wp-content\\\/uploads\\\/2019\\\/10\\\/arrondasaletxen-kablea.jpg\",\"width\":600,\"height\":450},{\"@type\":\"BreadcrumbList\",\"@id\":\"https:\\\/\\\/www.ataunturismoa.eus\\\/fr\\\/cable\\\/#breadcrumb\",\"itemListElement\":[{\"@type\":\"ListItem\",\"position\":1,\"name\":\"Inicio\",\"item\":\"https:\\\/\\\/www.ataunturismoa.eus\\\/fr\\\/\"},{\"@type\":\"ListItem\",\"position\":2,\"name\":\"Uncategorized @eu\",\"item\":\"https:\\\/\\\/www.ataunturismoa.eus\\\/eu\\\/category\\\/uncategorized-eu\\\/\"},{\"@type\":\"ListItem\",\"position\":3,\"name\":\"C\u00e2ble\"}]},{\"@type\":\"WebSite\",\"@id\":\"https:\\\/\\\/www.ataunturismoa.eus\\\/eu\\\/#website\",\"url\":\"https:\\\/\\\/www.ataunturismoa.eus\\\/eu\\\/\",\"name\":\"Ataun Turismoa\",\"description\":\"\",\"potentialAction\":[{\"@type\":\"SearchAction\",\"target\":{\"@type\":\"EntryPoint\",\"urlTemplate\":\"https:\\\/\\\/www.ataunturismoa.eus\\\/eu\\\/?s={search_term_string}\"},\"query-input\":{\"@type\":\"PropertyValueSpecification\",\"valueRequired\":true,\"valueName\":\"search_term_string\"}}],\"inLanguage\":\"fr-FR\"},{\"@type\":\"Person\",\"@id\":\"https:\\\/\\\/www.ataunturismoa.eus\\\/eu\\\/#\\\/schema\\\/person\\\/7d97f3ca1cff93662da761b13d8ed299\",\"name\":\"Unai\",\"image\":{\"@type\":\"ImageObject\",\"inLanguage\":\"fr-FR\",\"@id\":\"https:\\\/\\\/secure.gravatar.com\\\/avatar\\\/0dcea0ce3ec28cf808b3ac031fac40bc4bae43636180ba5f8332264b7ce51057?s=96&d=mm&r=g\",\"url\":\"https:\\\/\\\/secure.gravatar.com\\\/avatar\\\/0dcea0ce3ec28cf808b3ac031fac40bc4bae43636180ba5f8332264b7ce51057?s=96&d=mm&r=g\",\"contentUrl\":\"https:\\\/\\\/secure.gravatar.com\\\/avatar\\\/0dcea0ce3ec28cf808b3ac031fac40bc4bae43636180ba5f8332264b7ce51057?s=96&d=mm&r=g\",\"caption\":\"Unai\"},\"url\":\"https:\\\/\\\/www.ataunturismoa.eus\\\/fr\\\/author\\\/unaisaretu-com\\\/\"}]}<\/script>\n<!-- \/ Yoast SEO plugin. -->","yoast_head_json":{"title":"C\u00e2ble - Ataun Turismoa","robots":{"index":"index","follow":"follow","max-snippet":"max-snippet:-1","max-image-preview":"max-image-preview:large","max-video-preview":"max-video-preview:-1"},"canonical":"https:\/\/www.ataunturismoa.eus\/fr\/cable\/","og_locale":"fr_FR","og_type":"article","og_title":"C\u00e2ble - Ataun Turismoa","og_description":"Ce c\u00e2ble fut d\u00e9velopp\u00e9 dans de tr\u00e8s rares villages, puisque le syst\u00e8me est \u00e9troitement li\u00e9 \u00e0 l\u2019orographie. A Ataun, il repr\u00e9senta une grande \u00e9volution et remporta un vif succ\u00e8s parmi les habitants. Il sert aujourd\u2019hui \u00e0 transporter de l\u2019herbe. Une \u00e9tude r\u00e9alis\u00e9e en 1996 comptait 197 c\u00e2bles\u00a0; il en reste 32 sur pied et seuls [&hellip;]","og_url":"https:\/\/www.ataunturismoa.eus\/fr\/cable\/","og_site_name":"Ataun Turismoa","article_published_time":"2023-11-05T19:48:24+00:00","article_modified_time":"2023-11-05T20:11:40+00:00","og_image":[{"width":600,"height":450,"url":"https:\/\/www.ataunturismoa.eus\/wp-content\/uploads\/2019\/10\/arrondasaletxen-kablea.jpg","type":"image\/jpeg"}],"author":"Unai","twitter_card":"summary_large_image","twitter_misc":{"\u00c9crit par":"Unai","Dur\u00e9e de lecture estim\u00e9e":"1 minute"},"schema":{"@context":"https:\/\/schema.org","@graph":[{"@type":"Article","@id":"https:\/\/www.ataunturismoa.eus\/fr\/cable\/#article","isPartOf":{"@id":"https:\/\/www.ataunturismoa.eus\/fr\/cable\/"},"author":{"name":"Unai","@id":"https:\/\/www.ataunturismoa.eus\/eu\/#\/schema\/person\/7d97f3ca1cff93662da761b13d8ed299"},"headline":"C\u00e2ble","datePublished":"2023-11-05T19:48:24+00:00","dateModified":"2023-11-05T20:11:40+00:00","mainEntityOfPage":{"@id":"https:\/\/www.ataunturismoa.eus\/fr\/cable\/"},"wordCount":300,"image":{"@id":"https:\/\/www.ataunturismoa.eus\/fr\/cable\/#primaryimage"},"thumbnailUrl":"https:\/\/www.ataunturismoa.eus\/wp-content\/uploads\/2019\/10\/arrondasaletxen-kablea.jpg","articleSection":["Patrimoine historique"],"inLanguage":"fr-FR"},{"@type":"WebPage","@id":"https:\/\/www.ataunturismoa.eus\/fr\/cable\/","url":"https:\/\/www.ataunturismoa.eus\/fr\/cable\/","name":"C\u00e2ble - Ataun Turismoa","isPartOf":{"@id":"https:\/\/www.ataunturismoa.eus\/eu\/#website"},"primaryImageOfPage":{"@id":"https:\/\/www.ataunturismoa.eus\/fr\/cable\/#primaryimage"},"image":{"@id":"https:\/\/www.ataunturismoa.eus\/fr\/cable\/#primaryimage"},"thumbnailUrl":"https:\/\/www.ataunturismoa.eus\/wp-content\/uploads\/2019\/10\/arrondasaletxen-kablea.jpg","datePublished":"2023-11-05T19:48:24+00:00","dateModified":"2023-11-05T20:11:40+00:00","author":{"@id":"https:\/\/www.ataunturismoa.eus\/eu\/#\/schema\/person\/7d97f3ca1cff93662da761b13d8ed299"},"breadcrumb":{"@id":"https:\/\/www.ataunturismoa.eus\/fr\/cable\/#breadcrumb"},"inLanguage":"fr-FR","potentialAction":[{"@type":"ReadAction","target":["https:\/\/www.ataunturismoa.eus\/fr\/cable\/"]}]},{"@type":"ImageObject","inLanguage":"fr-FR","@id":"https:\/\/www.ataunturismoa.eus\/fr\/cable\/#primaryimage","url":"https:\/\/www.ataunturismoa.eus\/wp-content\/uploads\/2019\/10\/arrondasaletxen-kablea.jpg","contentUrl":"https:\/\/www.ataunturismoa.eus\/wp-content\/uploads\/2019\/10\/arrondasaletxen-kablea.jpg","width":600,"height":450},{"@type":"BreadcrumbList","@id":"https:\/\/www.ataunturismoa.eus\/fr\/cable\/#breadcrumb","itemListElement":[{"@type":"ListItem","position":1,"name":"Inicio","item":"https:\/\/www.ataunturismoa.eus\/fr\/"},{"@type":"ListItem","position":2,"name":"Uncategorized @eu","item":"https:\/\/www.ataunturismoa.eus\/eu\/category\/uncategorized-eu\/"},{"@type":"ListItem","position":3,"name":"C\u00e2ble"}]},{"@type":"WebSite","@id":"https:\/\/www.ataunturismoa.eus\/eu\/#website","url":"https:\/\/www.ataunturismoa.eus\/eu\/","name":"Ataun Turismoa","description":"","potentialAction":[{"@type":"SearchAction","target":{"@type":"EntryPoint","urlTemplate":"https:\/\/www.ataunturismoa.eus\/eu\/?s={search_term_string}"},"query-input":{"@type":"PropertyValueSpecification","valueRequired":true,"valueName":"search_term_string"}}],"inLanguage":"fr-FR"},{"@type":"Person","@id":"https:\/\/www.ataunturismoa.eus\/eu\/#\/schema\/person\/7d97f3ca1cff93662da761b13d8ed299","name":"Unai","image":{"@type":"ImageObject","inLanguage":"fr-FR","@id":"https:\/\/secure.gravatar.com\/avatar\/0dcea0ce3ec28cf808b3ac031fac40bc4bae43636180ba5f8332264b7ce51057?s=96&d=mm&r=g","url":"https:\/\/secure.gravatar.com\/avatar\/0dcea0ce3ec28cf808b3ac031fac40bc4bae43636180ba5f8332264b7ce51057?s=96&d=mm&r=g","contentUrl":"https:\/\/secure.gravatar.com\/avatar\/0dcea0ce3ec28cf808b3ac031fac40bc4bae43636180ba5f8332264b7ce51057?s=96&d=mm&r=g","caption":"Unai"},"url":"https:\/\/www.ataunturismoa.eus\/fr\/author\/unaisaretu-com\/"}]}},"_links":{"self":[{"href":"https:\/\/www.ataunturismoa.eus\/fr\/wp-json\/wp\/v2\/posts\/4894","targetHints":{"allow":["GET"]}}],"collection":[{"href":"https:\/\/www.ataunturismoa.eus\/fr\/wp-json\/wp\/v2\/posts"}],"about":[{"href":"https:\/\/www.ataunturismoa.eus\/fr\/wp-json\/wp\/v2\/types\/post"}],"author":[{"embeddable":true,"href":"https:\/\/www.ataunturismoa.eus\/fr\/wp-json\/wp\/v2\/users\/5"}],"replies":[{"embeddable":true,"href":"https:\/\/www.ataunturismoa.eus\/fr\/wp-json\/wp\/v2\/comments?post=4894"}],"version-history":[{"count":3,"href":"https:\/\/www.ataunturismoa.eus\/fr\/wp-json\/wp\/v2\/posts\/4894\/revisions"}],"predecessor-version":[{"id":4901,"href":"https:\/\/www.ataunturismoa.eus\/fr\/wp-json\/wp\/v2\/posts\/4894\/revisions\/4901"}],"wp:featuredmedia":[{"embeddable":true,"href":"https:\/\/www.ataunturismoa.eus\/fr\/wp-json\/wp\/v2\/media\/1044"}],"wp:attachment":[{"href":"https:\/\/www.ataunturismoa.eus\/fr\/wp-json\/wp\/v2\/media?parent=4894"}],"wp:term":[{"taxonomy":"category","embeddable":true,"href":"https:\/\/www.ataunturismoa.eus\/fr\/wp-json\/wp\/v2\/categories?post=4894"},{"taxonomy":"post_tag","embeddable":true,"href":"https:\/\/www.ataunturismoa.eus\/fr\/wp-json\/wp\/v2\/tags?post=4894"}],"curies":[{"name":"wp","href":"https:\/\/api.w.org\/{rel}","templated":true}]}}