{"id":4892,"date":"2023-11-05T20:43:49","date_gmt":"2023-11-05T19:43:49","guid":{"rendered":"https:\/\/www.ataunturismoa.eus\/bergeries\/"},"modified":"2023-11-05T21:11:47","modified_gmt":"2023-11-05T20:11:47","slug":"bergeries","status":"publish","type":"post","link":"https:\/\/www.ataunturismoa.eus\/fr\/bergeries\/","title":{"rendered":"Bergeries"},"content":{"rendered":"\n<p>Les bergeries servent \u00e0 abriter le troupeau la nuit et \u00e0 h\u00e9berger le berger. Elles sont souvent accompagn\u00e9es d\u2019une cabane qui sert de refuge au berger lorsqu\u2019il monte aux p\u00e2turages de montagne, l\u2019\u00e9t\u00e9.<\/p>\n\n<p>Les bergeries sont souvent situ\u00e9es sur des lieux prot\u00e9g\u00e9s, \u00e0 l\u2019abri des courants d\u2019air, dans un creux ou contre un rocher. Chaque bergerie poss\u00e8de habituellement une hutte ou plus qui sert de demeure pour les bergers. Elles comprennent en plus des enclos, des potagers, des \u00e9tables ou des lieux de traite des brebis, etc. Au Pays Basque, divers types de bergeries ont \u00e9t\u00e9 d\u00e9velopp\u00e9s\u00a0; nous nous int\u00e9resserons pour notre part \u00e0 la zone d\u2019Ataun et d\u2019Aralar. Ici, on recouvre aujourd\u2019hui les toits de tuiles, mais autrefois, lorsque la tuile \u00e9tait interdite, les toits \u00e9taient faits de paille, \u00e0 deux versants et sans trop de pente. La porte d\u2019entr\u00e9e se trouve sous la partie la plus haute et il n\u2019y a pas de fen\u00eatres. La cabane est souvent divis\u00e9e en trois parties\u00a0: la premi\u00e8re partie \u201ccouverte\u201d \u00e0 l\u2019entr\u00e9e, qui sert de cuisine et dans laquelle on entrepose les outils pour la fabrication du fromage. Puis vient la chambre \u00e0 coucher, le lit \u00e9tant g\u00e9n\u00e9ralement fait de bruy\u00e8re. Enfin on trouve la fromagerie, pleine d\u2019\u00e9tag\u00e8res ou de tissus. Les toits sont en bois et le sol est g\u00e9n\u00e9ralement fait de terre battue, bien que l\u2019on trouve \u00e9galement des sols recouverts de dalles ou de bois. Par ailleurs, la cabane comporte souvent une partie en pierre nomm\u00e9e \u00e9table ou salle de traite, servant \u00e0 abriter le troupeau la nuit ou \u00e0 le traire.<\/p>\n\n<p>A Ataun, on trouve encore des ruines d\u2019anciennes bergeries. Si vous approchez de la zone d\u2019Agautz, vous verrez plusieurs cabanes et \u00e9tables dans un paysage in\u00e9galable.<\/p>\n\n<figure class=\"wp-block-gallery has-nested-images columns-default is-cropped wp-block-gallery-1 is-layout-flex wp-block-gallery-is-layout-flex\">\n<figure class=\"wp-block-image size-large\"><img loading=\"lazy\" decoding=\"async\" width=\"600\" height=\"450\" data-id=\"1033\" src=\"https:\/\/www.ataunturismoa.eus\/wp-content\/uploads\/2019\/10\/artzainen-saroiak.jpg\" alt=\"\" class=\"wp-image-1033\" srcset=\"https:\/\/www.ataunturismoa.eus\/wp-content\/uploads\/2019\/10\/artzainen-saroiak.jpg 600w, https:\/\/www.ataunturismoa.eus\/wp-content\/uploads\/2019\/10\/artzainen-saroiak-300x225.jpg 300w, https:\/\/www.ataunturismoa.eus\/wp-content\/uploads\/2019\/10\/artzainen-saroiak-160x120.jpg 160w\" sizes=\"auto, (max-width: 600px) 100vw, 600px\" \/><\/figure>\n\n\n\n<figure class=\"wp-block-image size-large\"><img loading=\"lazy\" decoding=\"async\" width=\"600\" height=\"450\" data-id=\"1028\" src=\"https:\/\/www.ataunturismoa.eus\/wp-content\/uploads\/2019\/10\/artzainen-saroiak-09.jpg\" alt=\"\" class=\"wp-image-1028\" srcset=\"https:\/\/www.ataunturismoa.eus\/wp-content\/uploads\/2019\/10\/artzainen-saroiak-09.jpg 600w, https:\/\/www.ataunturismoa.eus\/wp-content\/uploads\/2019\/10\/artzainen-saroiak-09-300x225.jpg 300w, https:\/\/www.ataunturismoa.eus\/wp-content\/uploads\/2019\/10\/artzainen-saroiak-09-160x120.jpg 160w\" sizes=\"auto, (max-width: 600px) 100vw, 600px\" \/><\/figure>\n\n\n\n<figure class=\"wp-block-image size-large\"><img loading=\"lazy\" decoding=\"async\" width=\"600\" height=\"450\" data-id=\"1023\" src=\"https:\/\/www.ataunturismoa.eus\/wp-content\/uploads\/2019\/10\/artzainen-saroiak-08.jpg\" alt=\"\" class=\"wp-image-1023\" srcset=\"https:\/\/www.ataunturismoa.eus\/wp-content\/uploads\/2019\/10\/artzainen-saroiak-08.jpg 600w, https:\/\/www.ataunturismoa.eus\/wp-content\/uploads\/2019\/10\/artzainen-saroiak-08-300x225.jpg 300w, https:\/\/www.ataunturismoa.eus\/wp-content\/uploads\/2019\/10\/artzainen-saroiak-08-160x120.jpg 160w\" sizes=\"auto, (max-width: 600px) 100vw, 600px\" \/><\/figure>\n\n\n\n<figure class=\"wp-block-image size-large\"><img loading=\"lazy\" decoding=\"async\" width=\"600\" height=\"450\" data-id=\"1018\" src=\"https:\/\/www.ataunturismoa.eus\/wp-content\/uploads\/2019\/10\/artzainen-saroiak-07.jpg\" alt=\"\" class=\"wp-image-1018\" srcset=\"https:\/\/www.ataunturismoa.eus\/wp-content\/uploads\/2019\/10\/artzainen-saroiak-07.jpg 600w, https:\/\/www.ataunturismoa.eus\/wp-content\/uploads\/2019\/10\/artzainen-saroiak-07-300x225.jpg 300w, https:\/\/www.ataunturismoa.eus\/wp-content\/uploads\/2019\/10\/artzainen-saroiak-07-160x120.jpg 160w\" sizes=\"auto, (max-width: 600px) 100vw, 600px\" \/><\/figure>\n\n\n\n<figure class=\"wp-block-image size-large\"><img loading=\"lazy\" decoding=\"async\" width=\"600\" height=\"450\" data-id=\"1013\" src=\"https:\/\/www.ataunturismoa.eus\/wp-content\/uploads\/2019\/10\/artzainen-saroiak-06.jpg\" alt=\"\" class=\"wp-image-1013\" srcset=\"https:\/\/www.ataunturismoa.eus\/wp-content\/uploads\/2019\/10\/artzainen-saroiak-06.jpg 600w, https:\/\/www.ataunturismoa.eus\/wp-content\/uploads\/2019\/10\/artzainen-saroiak-06-300x225.jpg 300w, https:\/\/www.ataunturismoa.eus\/wp-content\/uploads\/2019\/10\/artzainen-saroiak-06-160x120.jpg 160w\" sizes=\"auto, (max-width: 600px) 100vw, 600px\" \/><\/figure>\n\n\n\n<figure class=\"wp-block-image size-large\"><img loading=\"lazy\" decoding=\"async\" width=\"600\" height=\"450\" data-id=\"1008\" src=\"https:\/\/www.ataunturismoa.eus\/wp-content\/uploads\/2019\/10\/artzainen-saroiak-05.jpg\" alt=\"\" class=\"wp-image-1008\" srcset=\"https:\/\/www.ataunturismoa.eus\/wp-content\/uploads\/2019\/10\/artzainen-saroiak-05.jpg 600w, https:\/\/www.ataunturismoa.eus\/wp-content\/uploads\/2019\/10\/artzainen-saroiak-05-300x225.jpg 300w, https:\/\/www.ataunturismoa.eus\/wp-content\/uploads\/2019\/10\/artzainen-saroiak-05-160x120.jpg 160w\" sizes=\"auto, (max-width: 600px) 100vw, 600px\" \/><\/figure>\n\n\n\n<figure class=\"wp-block-image size-large\"><img loading=\"lazy\" decoding=\"async\" width=\"600\" height=\"450\" data-id=\"1003\" src=\"https:\/\/www.ataunturismoa.eus\/wp-content\/uploads\/2019\/10\/artzainen-saroiak-04.jpg\" alt=\"\" class=\"wp-image-1003\" srcset=\"https:\/\/www.ataunturismoa.eus\/wp-content\/uploads\/2019\/10\/artzainen-saroiak-04.jpg 600w, https:\/\/www.ataunturismoa.eus\/wp-content\/uploads\/2019\/10\/artzainen-saroiak-04-300x225.jpg 300w, https:\/\/www.ataunturismoa.eus\/wp-content\/uploads\/2019\/10\/artzainen-saroiak-04-160x120.jpg 160w\" sizes=\"auto, (max-width: 600px) 100vw, 600px\" \/><\/figure>\n\n\n\n<figure class=\"wp-block-image size-large\"><img loading=\"lazy\" decoding=\"async\" width=\"600\" height=\"450\" data-id=\"998\" src=\"https:\/\/www.ataunturismoa.eus\/wp-content\/uploads\/2019\/10\/artzainen-saroiak-03.jpg\" alt=\"\" class=\"wp-image-998\" srcset=\"https:\/\/www.ataunturismoa.eus\/wp-content\/uploads\/2019\/10\/artzainen-saroiak-03.jpg 600w, https:\/\/www.ataunturismoa.eus\/wp-content\/uploads\/2019\/10\/artzainen-saroiak-03-300x225.jpg 300w, https:\/\/www.ataunturismoa.eus\/wp-content\/uploads\/2019\/10\/artzainen-saroiak-03-160x120.jpg 160w\" sizes=\"auto, (max-width: 600px) 100vw, 600px\" \/><\/figure>\n\n\n\n<figure class=\"wp-block-image size-large\"><img loading=\"lazy\" decoding=\"async\" width=\"600\" height=\"450\" data-id=\"993\" src=\"https:\/\/www.ataunturismoa.eus\/wp-content\/uploads\/2019\/10\/artzainen-saroiak-02.jpg\" alt=\"\" class=\"wp-image-993\" srcset=\"https:\/\/www.ataunturismoa.eus\/wp-content\/uploads\/2019\/10\/artzainen-saroiak-02.jpg 600w, https:\/\/www.ataunturismoa.eus\/wp-content\/uploads\/2019\/10\/artzainen-saroiak-02-300x225.jpg 300w, https:\/\/www.ataunturismoa.eus\/wp-content\/uploads\/2019\/10\/artzainen-saroiak-02-160x120.jpg 160w\" sizes=\"auto, (max-width: 600px) 100vw, 600px\" \/><\/figure>\n\n\n\n<figure class=\"wp-block-image size-large\"><img loading=\"lazy\" decoding=\"async\" width=\"600\" height=\"450\" data-id=\"988\" src=\"https:\/\/www.ataunturismoa.eus\/wp-content\/uploads\/2019\/10\/artzainen-saroiak-01.jpg\" alt=\"\" class=\"wp-image-988\" srcset=\"https:\/\/www.ataunturismoa.eus\/wp-content\/uploads\/2019\/10\/artzainen-saroiak-01.jpg 600w, https:\/\/www.ataunturismoa.eus\/wp-content\/uploads\/2019\/10\/artzainen-saroiak-01-300x225.jpg 300w, https:\/\/www.ataunturismoa.eus\/wp-content\/uploads\/2019\/10\/artzainen-saroiak-01-160x120.jpg 160w\" sizes=\"auto, (max-width: 600px) 100vw, 600px\" \/><\/figure>\n<\/figure>\n","protected":false},"excerpt":{"rendered":"<p>Les bergeries servent \u00e0 abriter le troupeau la nuit et \u00e0 h\u00e9berger le berger. Elles sont souvent accompagn\u00e9es d\u2019une cabane qui sert de refuge au berger lorsqu\u2019il monte aux p\u00e2turages de montagne, l\u2019\u00e9t\u00e9. Les bergeries sont souvent situ\u00e9es sur des lieux prot\u00e9g\u00e9s, \u00e0 l\u2019abri des courants d\u2019air, dans un creux ou contre un rocher. Chaque [&hellip;]<\/p>\n","protected":false},"author":5,"featured_media":1036,"comment_status":"closed","ping_status":"closed","sticky":false,"template":"","format":"standard","meta":{"footnotes":""},"categories":[39],"tags":[],"class_list":["post-4892","post","type-post","status-publish","format-standard","has-post-thumbnail","hentry","category-patrimoine-historique"],"acf":[],"yoast_head":"<!-- This site is optimized with the Yoast SEO plugin v27.5 - https:\/\/yoast.com\/product\/yoast-seo-wordpress\/ -->\n<title>Bergeries - Ataun Turismoa<\/title>\n<meta name=\"robots\" content=\"index, follow, max-snippet:-1, max-image-preview:large, max-video-preview:-1\" \/>\n<link rel=\"canonical\" href=\"https:\/\/www.ataunturismoa.eus\/fr\/bergeries\/\" \/>\n<meta property=\"og:locale\" content=\"fr_FR\" \/>\n<meta property=\"og:type\" content=\"article\" \/>\n<meta property=\"og:title\" content=\"Bergeries - Ataun Turismoa\" \/>\n<meta property=\"og:description\" content=\"Les bergeries servent \u00e0 abriter le troupeau la nuit et \u00e0 h\u00e9berger le berger. Elles sont souvent accompagn\u00e9es d\u2019une cabane qui sert de refuge au berger lorsqu\u2019il monte aux p\u00e2turages de montagne, l\u2019\u00e9t\u00e9. Les bergeries sont souvent situ\u00e9es sur des lieux prot\u00e9g\u00e9s, \u00e0 l\u2019abri des courants d\u2019air, dans un creux ou contre un rocher. Chaque [&hellip;]\" \/>\n<meta property=\"og:url\" content=\"https:\/\/www.ataunturismoa.eus\/fr\/bergeries\/\" \/>\n<meta property=\"og:site_name\" content=\"Ataun Turismoa\" \/>\n<meta property=\"article:published_time\" content=\"2023-11-05T19:43:49+00:00\" \/>\n<meta property=\"article:modified_time\" content=\"2023-11-05T20:11:47+00:00\" \/>\n<meta property=\"og:image\" content=\"https:\/\/www.ataunturismoa.eus\/wp-content\/uploads\/2019\/10\/artzainen-saroiak.jpg\" \/>\n\t<meta property=\"og:image:width\" content=\"600\" \/>\n\t<meta property=\"og:image:height\" content=\"450\" \/>\n\t<meta property=\"og:image:type\" content=\"image\/jpeg\" \/>\n<meta name=\"author\" content=\"Unai\" \/>\n<meta name=\"twitter:card\" content=\"summary_large_image\" \/>\n<meta name=\"twitter:label1\" content=\"\u00c9crit par\" \/>\n\t<meta name=\"twitter:data1\" content=\"Unai\" \/>\n\t<meta name=\"twitter:label2\" content=\"Dur\u00e9e de lecture estim\u00e9e\" \/>\n\t<meta name=\"twitter:data2\" content=\"2 minutes\" \/>\n<script type=\"application\/ld+json\" class=\"yoast-schema-graph\">{\"@context\":\"https:\\\/\\\/schema.org\",\"@graph\":[{\"@type\":\"Article\",\"@id\":\"https:\\\/\\\/www.ataunturismoa.eus\\\/fr\\\/bergeries\\\/#article\",\"isPartOf\":{\"@id\":\"https:\\\/\\\/www.ataunturismoa.eus\\\/fr\\\/bergeries\\\/\"},\"author\":{\"name\":\"Unai\",\"@id\":\"https:\\\/\\\/www.ataunturismoa.eus\\\/eu\\\/#\\\/schema\\\/person\\\/7d97f3ca1cff93662da761b13d8ed299\"},\"headline\":\"Bergeries\",\"datePublished\":\"2023-11-05T19:43:49+00:00\",\"dateModified\":\"2023-11-05T20:11:47+00:00\",\"mainEntityOfPage\":{\"@id\":\"https:\\\/\\\/www.ataunturismoa.eus\\\/fr\\\/bergeries\\\/\"},\"wordCount\":319,\"image\":{\"@id\":\"https:\\\/\\\/www.ataunturismoa.eus\\\/fr\\\/bergeries\\\/#primaryimage\"},\"thumbnailUrl\":\"https:\\\/\\\/www.ataunturismoa.eus\\\/wp-content\\\/uploads\\\/2019\\\/10\\\/artzainen-saroiak.jpg\",\"articleSection\":[\"Patrimoine historique\"],\"inLanguage\":\"fr-FR\"},{\"@type\":\"WebPage\",\"@id\":\"https:\\\/\\\/www.ataunturismoa.eus\\\/fr\\\/bergeries\\\/\",\"url\":\"https:\\\/\\\/www.ataunturismoa.eus\\\/fr\\\/bergeries\\\/\",\"name\":\"Bergeries - Ataun Turismoa\",\"isPartOf\":{\"@id\":\"https:\\\/\\\/www.ataunturismoa.eus\\\/eu\\\/#website\"},\"primaryImageOfPage\":{\"@id\":\"https:\\\/\\\/www.ataunturismoa.eus\\\/fr\\\/bergeries\\\/#primaryimage\"},\"image\":{\"@id\":\"https:\\\/\\\/www.ataunturismoa.eus\\\/fr\\\/bergeries\\\/#primaryimage\"},\"thumbnailUrl\":\"https:\\\/\\\/www.ataunturismoa.eus\\\/wp-content\\\/uploads\\\/2019\\\/10\\\/artzainen-saroiak.jpg\",\"datePublished\":\"2023-11-05T19:43:49+00:00\",\"dateModified\":\"2023-11-05T20:11:47+00:00\",\"author\":{\"@id\":\"https:\\\/\\\/www.ataunturismoa.eus\\\/eu\\\/#\\\/schema\\\/person\\\/7d97f3ca1cff93662da761b13d8ed299\"},\"breadcrumb\":{\"@id\":\"https:\\\/\\\/www.ataunturismoa.eus\\\/fr\\\/bergeries\\\/#breadcrumb\"},\"inLanguage\":\"fr-FR\",\"potentialAction\":[{\"@type\":\"ReadAction\",\"target\":[\"https:\\\/\\\/www.ataunturismoa.eus\\\/fr\\\/bergeries\\\/\"]}]},{\"@type\":\"ImageObject\",\"inLanguage\":\"fr-FR\",\"@id\":\"https:\\\/\\\/www.ataunturismoa.eus\\\/fr\\\/bergeries\\\/#primaryimage\",\"url\":\"https:\\\/\\\/www.ataunturismoa.eus\\\/wp-content\\\/uploads\\\/2019\\\/10\\\/artzainen-saroiak.jpg\",\"contentUrl\":\"https:\\\/\\\/www.ataunturismoa.eus\\\/wp-content\\\/uploads\\\/2019\\\/10\\\/artzainen-saroiak.jpg\",\"width\":600,\"height\":450},{\"@type\":\"BreadcrumbList\",\"@id\":\"https:\\\/\\\/www.ataunturismoa.eus\\\/fr\\\/bergeries\\\/#breadcrumb\",\"itemListElement\":[{\"@type\":\"ListItem\",\"position\":1,\"name\":\"Inicio\",\"item\":\"https:\\\/\\\/www.ataunturismoa.eus\\\/fr\\\/\"},{\"@type\":\"ListItem\",\"position\":2,\"name\":\"Uncategorized @eu\",\"item\":\"https:\\\/\\\/www.ataunturismoa.eus\\\/eu\\\/category\\\/uncategorized-eu\\\/\"},{\"@type\":\"ListItem\",\"position\":3,\"name\":\"Bergeries\"}]},{\"@type\":\"WebSite\",\"@id\":\"https:\\\/\\\/www.ataunturismoa.eus\\\/eu\\\/#website\",\"url\":\"https:\\\/\\\/www.ataunturismoa.eus\\\/eu\\\/\",\"name\":\"Ataun Turismoa\",\"description\":\"\",\"potentialAction\":[{\"@type\":\"SearchAction\",\"target\":{\"@type\":\"EntryPoint\",\"urlTemplate\":\"https:\\\/\\\/www.ataunturismoa.eus\\\/eu\\\/?s={search_term_string}\"},\"query-input\":{\"@type\":\"PropertyValueSpecification\",\"valueRequired\":true,\"valueName\":\"search_term_string\"}}],\"inLanguage\":\"fr-FR\"},{\"@type\":\"Person\",\"@id\":\"https:\\\/\\\/www.ataunturismoa.eus\\\/eu\\\/#\\\/schema\\\/person\\\/7d97f3ca1cff93662da761b13d8ed299\",\"name\":\"Unai\",\"image\":{\"@type\":\"ImageObject\",\"inLanguage\":\"fr-FR\",\"@id\":\"https:\\\/\\\/secure.gravatar.com\\\/avatar\\\/0dcea0ce3ec28cf808b3ac031fac40bc4bae43636180ba5f8332264b7ce51057?s=96&d=mm&r=g\",\"url\":\"https:\\\/\\\/secure.gravatar.com\\\/avatar\\\/0dcea0ce3ec28cf808b3ac031fac40bc4bae43636180ba5f8332264b7ce51057?s=96&d=mm&r=g\",\"contentUrl\":\"https:\\\/\\\/secure.gravatar.com\\\/avatar\\\/0dcea0ce3ec28cf808b3ac031fac40bc4bae43636180ba5f8332264b7ce51057?s=96&d=mm&r=g\",\"caption\":\"Unai\"},\"url\":\"https:\\\/\\\/www.ataunturismoa.eus\\\/fr\\\/author\\\/unaisaretu-com\\\/\"}]}<\/script>\n<!-- \/ Yoast SEO plugin. -->","yoast_head_json":{"title":"Bergeries - Ataun Turismoa","robots":{"index":"index","follow":"follow","max-snippet":"max-snippet:-1","max-image-preview":"max-image-preview:large","max-video-preview":"max-video-preview:-1"},"canonical":"https:\/\/www.ataunturismoa.eus\/fr\/bergeries\/","og_locale":"fr_FR","og_type":"article","og_title":"Bergeries - Ataun Turismoa","og_description":"Les bergeries servent \u00e0 abriter le troupeau la nuit et \u00e0 h\u00e9berger le berger. Elles sont souvent accompagn\u00e9es d\u2019une cabane qui sert de refuge au berger lorsqu\u2019il monte aux p\u00e2turages de montagne, l\u2019\u00e9t\u00e9. Les bergeries sont souvent situ\u00e9es sur des lieux prot\u00e9g\u00e9s, \u00e0 l\u2019abri des courants d\u2019air, dans un creux ou contre un rocher. Chaque [&hellip;]","og_url":"https:\/\/www.ataunturismoa.eus\/fr\/bergeries\/","og_site_name":"Ataun Turismoa","article_published_time":"2023-11-05T19:43:49+00:00","article_modified_time":"2023-11-05T20:11:47+00:00","og_image":[{"width":600,"height":450,"url":"https:\/\/www.ataunturismoa.eus\/wp-content\/uploads\/2019\/10\/artzainen-saroiak.jpg","type":"image\/jpeg"}],"author":"Unai","twitter_card":"summary_large_image","twitter_misc":{"\u00c9crit par":"Unai","Dur\u00e9e de lecture estim\u00e9e":"2 minutes"},"schema":{"@context":"https:\/\/schema.org","@graph":[{"@type":"Article","@id":"https:\/\/www.ataunturismoa.eus\/fr\/bergeries\/#article","isPartOf":{"@id":"https:\/\/www.ataunturismoa.eus\/fr\/bergeries\/"},"author":{"name":"Unai","@id":"https:\/\/www.ataunturismoa.eus\/eu\/#\/schema\/person\/7d97f3ca1cff93662da761b13d8ed299"},"headline":"Bergeries","datePublished":"2023-11-05T19:43:49+00:00","dateModified":"2023-11-05T20:11:47+00:00","mainEntityOfPage":{"@id":"https:\/\/www.ataunturismoa.eus\/fr\/bergeries\/"},"wordCount":319,"image":{"@id":"https:\/\/www.ataunturismoa.eus\/fr\/bergeries\/#primaryimage"},"thumbnailUrl":"https:\/\/www.ataunturismoa.eus\/wp-content\/uploads\/2019\/10\/artzainen-saroiak.jpg","articleSection":["Patrimoine historique"],"inLanguage":"fr-FR"},{"@type":"WebPage","@id":"https:\/\/www.ataunturismoa.eus\/fr\/bergeries\/","url":"https:\/\/www.ataunturismoa.eus\/fr\/bergeries\/","name":"Bergeries - Ataun Turismoa","isPartOf":{"@id":"https:\/\/www.ataunturismoa.eus\/eu\/#website"},"primaryImageOfPage":{"@id":"https:\/\/www.ataunturismoa.eus\/fr\/bergeries\/#primaryimage"},"image":{"@id":"https:\/\/www.ataunturismoa.eus\/fr\/bergeries\/#primaryimage"},"thumbnailUrl":"https:\/\/www.ataunturismoa.eus\/wp-content\/uploads\/2019\/10\/artzainen-saroiak.jpg","datePublished":"2023-11-05T19:43:49+00:00","dateModified":"2023-11-05T20:11:47+00:00","author":{"@id":"https:\/\/www.ataunturismoa.eus\/eu\/#\/schema\/person\/7d97f3ca1cff93662da761b13d8ed299"},"breadcrumb":{"@id":"https:\/\/www.ataunturismoa.eus\/fr\/bergeries\/#breadcrumb"},"inLanguage":"fr-FR","potentialAction":[{"@type":"ReadAction","target":["https:\/\/www.ataunturismoa.eus\/fr\/bergeries\/"]}]},{"@type":"ImageObject","inLanguage":"fr-FR","@id":"https:\/\/www.ataunturismoa.eus\/fr\/bergeries\/#primaryimage","url":"https:\/\/www.ataunturismoa.eus\/wp-content\/uploads\/2019\/10\/artzainen-saroiak.jpg","contentUrl":"https:\/\/www.ataunturismoa.eus\/wp-content\/uploads\/2019\/10\/artzainen-saroiak.jpg","width":600,"height":450},{"@type":"BreadcrumbList","@id":"https:\/\/www.ataunturismoa.eus\/fr\/bergeries\/#breadcrumb","itemListElement":[{"@type":"ListItem","position":1,"name":"Inicio","item":"https:\/\/www.ataunturismoa.eus\/fr\/"},{"@type":"ListItem","position":2,"name":"Uncategorized @eu","item":"https:\/\/www.ataunturismoa.eus\/eu\/category\/uncategorized-eu\/"},{"@type":"ListItem","position":3,"name":"Bergeries"}]},{"@type":"WebSite","@id":"https:\/\/www.ataunturismoa.eus\/eu\/#website","url":"https:\/\/www.ataunturismoa.eus\/eu\/","name":"Ataun Turismoa","description":"","potentialAction":[{"@type":"SearchAction","target":{"@type":"EntryPoint","urlTemplate":"https:\/\/www.ataunturismoa.eus\/eu\/?s={search_term_string}"},"query-input":{"@type":"PropertyValueSpecification","valueRequired":true,"valueName":"search_term_string"}}],"inLanguage":"fr-FR"},{"@type":"Person","@id":"https:\/\/www.ataunturismoa.eus\/eu\/#\/schema\/person\/7d97f3ca1cff93662da761b13d8ed299","name":"Unai","image":{"@type":"ImageObject","inLanguage":"fr-FR","@id":"https:\/\/secure.gravatar.com\/avatar\/0dcea0ce3ec28cf808b3ac031fac40bc4bae43636180ba5f8332264b7ce51057?s=96&d=mm&r=g","url":"https:\/\/secure.gravatar.com\/avatar\/0dcea0ce3ec28cf808b3ac031fac40bc4bae43636180ba5f8332264b7ce51057?s=96&d=mm&r=g","contentUrl":"https:\/\/secure.gravatar.com\/avatar\/0dcea0ce3ec28cf808b3ac031fac40bc4bae43636180ba5f8332264b7ce51057?s=96&d=mm&r=g","caption":"Unai"},"url":"https:\/\/www.ataunturismoa.eus\/fr\/author\/unaisaretu-com\/"}]}},"_links":{"self":[{"href":"https:\/\/www.ataunturismoa.eus\/fr\/wp-json\/wp\/v2\/posts\/4892","targetHints":{"allow":["GET"]}}],"collection":[{"href":"https:\/\/www.ataunturismoa.eus\/fr\/wp-json\/wp\/v2\/posts"}],"about":[{"href":"https:\/\/www.ataunturismoa.eus\/fr\/wp-json\/wp\/v2\/types\/post"}],"author":[{"embeddable":true,"href":"https:\/\/www.ataunturismoa.eus\/fr\/wp-json\/wp\/v2\/users\/5"}],"replies":[{"embeddable":true,"href":"https:\/\/www.ataunturismoa.eus\/fr\/wp-json\/wp\/v2\/comments?post=4892"}],"version-history":[{"count":1,"href":"https:\/\/www.ataunturismoa.eus\/fr\/wp-json\/wp\/v2\/posts\/4892\/revisions"}],"predecessor-version":[{"id":4893,"href":"https:\/\/www.ataunturismoa.eus\/fr\/wp-json\/wp\/v2\/posts\/4892\/revisions\/4893"}],"wp:featuredmedia":[{"embeddable":true,"href":"https:\/\/www.ataunturismoa.eus\/fr\/wp-json\/wp\/v2\/media\/1036"}],"wp:attachment":[{"href":"https:\/\/www.ataunturismoa.eus\/fr\/wp-json\/wp\/v2\/media?parent=4892"}],"wp:term":[{"taxonomy":"category","embeddable":true,"href":"https:\/\/www.ataunturismoa.eus\/fr\/wp-json\/wp\/v2\/categories?post=4892"},{"taxonomy":"post_tag","embeddable":true,"href":"https:\/\/www.ataunturismoa.eus\/fr\/wp-json\/wp\/v2\/tags?post=4892"}],"curies":[{"name":"wp","href":"https:\/\/api.w.org\/{rel}","templated":true}]}}