{"id":4660,"date":"2023-10-14T16:25:03","date_gmt":"2023-10-14T14:25:03","guid":{"rendered":"https:\/\/www.ataunturismoa.eus\/majadas-de-pastores\/"},"modified":"2023-10-14T16:26:54","modified_gmt":"2023-10-14T14:26:54","slug":"majadas-de-pastores","status":"publish","type":"post","link":"https:\/\/www.ataunturismoa.eus\/es\/majadas-de-pastores\/","title":{"rendered":"Majadas de pastores"},"content":{"rendered":"\n<p>Las majadas son lugares donde se recoge de noche el reba\u00f1o y se albergan los pastores. Suelen contar con una caba\u00f1a, cobijo para el pastor cuando sube a los pastos de monta\u00f1a en verano.<\/p>\n\n<p>Las majadas suelen estar en un lugar protegido, al abrigo de las corrientes de aire, en una hondonada o junto a una roca. Cada majada suele tener una choza o m\u00e1s en sus l\u00edmites, morada del pastor; y adem\u00e1s incluye: Rediles, huertos, establo o lugar para orde\u00f1ar las ovejas, etc. En el Pa\u00eds Vasco se han desarrollado varios tipos de majada; a nosotros nos interesan las de la zona de Ataun y Aralar. En esta zona en la actualidad se cubre el techo con teja pero como anteriormente estaba prohibido el techo era de paja, a dos aguas y sin gran ca\u00edda. La puerta de entrada est\u00e1 bajo la parte m\u00e1s alta y no tienen ventanas. La caba\u00f1a suele tener tres partes: La primera parte \u201ccubierta\u201d tras entrar, con funciones de cocina, y que guarda los instrumentos para elaborar queso. Posteriormente viene el dormitorio, la cama generalmente estaba hecha de brezo. Por \u00faltimo est\u00e1 la queser\u00eda, cubierta de tablas o telas. Tienen paredes de madera y el suelo generalmente suele ser tierra comprimida con los pies, aunque puede ser tambi\u00e9n de losa o de madera. Adem\u00e1s de la caba\u00f1a suelen tener un cierre de piedra llamado establo u orde\u00f1adero, que sirve para cobijar al reba\u00f1o de noche o para orde\u00f1arlo.<\/p>\n\n<p>En Ataun a\u00fan quedan restos de majadas antiguas. Si nos acercamos a la zona de Agautz veremos m\u00e1s de una caba\u00f1a y establo, en un paraje inigualable.<\/p>\n\n<figure class=\"wp-block-gallery has-nested-images columns-default is-cropped wp-block-gallery-1 is-layout-flex wp-block-gallery-is-layout-flex\">\n<figure class=\"wp-block-image size-large\"><img loading=\"lazy\" decoding=\"async\" width=\"600\" height=\"450\" data-id=\"1033\" src=\"https:\/\/www.ataunturismoa.eus\/wp-content\/uploads\/2019\/10\/artzainen-saroiak.jpg\" alt=\"\" class=\"wp-image-1033\" srcset=\"https:\/\/www.ataunturismoa.eus\/wp-content\/uploads\/2019\/10\/artzainen-saroiak.jpg 600w, https:\/\/www.ataunturismoa.eus\/wp-content\/uploads\/2019\/10\/artzainen-saroiak-300x225.jpg 300w, https:\/\/www.ataunturismoa.eus\/wp-content\/uploads\/2019\/10\/artzainen-saroiak-160x120.jpg 160w\" sizes=\"auto, (max-width: 600px) 100vw, 600px\" \/><\/figure>\n\n\n\n<figure class=\"wp-block-image size-large\"><img loading=\"lazy\" decoding=\"async\" width=\"600\" height=\"450\" data-id=\"1028\" src=\"https:\/\/www.ataunturismoa.eus\/wp-content\/uploads\/2019\/10\/artzainen-saroiak-09.jpg\" alt=\"\" class=\"wp-image-1028\" srcset=\"https:\/\/www.ataunturismoa.eus\/wp-content\/uploads\/2019\/10\/artzainen-saroiak-09.jpg 600w, https:\/\/www.ataunturismoa.eus\/wp-content\/uploads\/2019\/10\/artzainen-saroiak-09-300x225.jpg 300w, https:\/\/www.ataunturismoa.eus\/wp-content\/uploads\/2019\/10\/artzainen-saroiak-09-160x120.jpg 160w\" sizes=\"auto, (max-width: 600px) 100vw, 600px\" \/><\/figure>\n\n\n\n<figure class=\"wp-block-image size-large\"><img loading=\"lazy\" decoding=\"async\" width=\"600\" height=\"450\" data-id=\"1023\" src=\"https:\/\/www.ataunturismoa.eus\/wp-content\/uploads\/2019\/10\/artzainen-saroiak-08.jpg\" alt=\"\" class=\"wp-image-1023\" srcset=\"https:\/\/www.ataunturismoa.eus\/wp-content\/uploads\/2019\/10\/artzainen-saroiak-08.jpg 600w, https:\/\/www.ataunturismoa.eus\/wp-content\/uploads\/2019\/10\/artzainen-saroiak-08-300x225.jpg 300w, https:\/\/www.ataunturismoa.eus\/wp-content\/uploads\/2019\/10\/artzainen-saroiak-08-160x120.jpg 160w\" sizes=\"auto, (max-width: 600px) 100vw, 600px\" \/><\/figure>\n\n\n\n<figure class=\"wp-block-image size-large\"><img loading=\"lazy\" decoding=\"async\" width=\"600\" height=\"450\" data-id=\"1018\" src=\"https:\/\/www.ataunturismoa.eus\/wp-content\/uploads\/2019\/10\/artzainen-saroiak-07.jpg\" alt=\"\" class=\"wp-image-1018\" srcset=\"https:\/\/www.ataunturismoa.eus\/wp-content\/uploads\/2019\/10\/artzainen-saroiak-07.jpg 600w, https:\/\/www.ataunturismoa.eus\/wp-content\/uploads\/2019\/10\/artzainen-saroiak-07-300x225.jpg 300w, https:\/\/www.ataunturismoa.eus\/wp-content\/uploads\/2019\/10\/artzainen-saroiak-07-160x120.jpg 160w\" sizes=\"auto, (max-width: 600px) 100vw, 600px\" \/><\/figure>\n\n\n\n<figure class=\"wp-block-image size-large\"><img loading=\"lazy\" decoding=\"async\" width=\"600\" height=\"450\" data-id=\"1013\" src=\"https:\/\/www.ataunturismoa.eus\/wp-content\/uploads\/2019\/10\/artzainen-saroiak-06.jpg\" alt=\"\" class=\"wp-image-1013\" srcset=\"https:\/\/www.ataunturismoa.eus\/wp-content\/uploads\/2019\/10\/artzainen-saroiak-06.jpg 600w, https:\/\/www.ataunturismoa.eus\/wp-content\/uploads\/2019\/10\/artzainen-saroiak-06-300x225.jpg 300w, https:\/\/www.ataunturismoa.eus\/wp-content\/uploads\/2019\/10\/artzainen-saroiak-06-160x120.jpg 160w\" sizes=\"auto, (max-width: 600px) 100vw, 600px\" \/><\/figure>\n\n\n\n<figure class=\"wp-block-image size-large\"><img loading=\"lazy\" decoding=\"async\" width=\"600\" height=\"450\" data-id=\"1008\" src=\"https:\/\/www.ataunturismoa.eus\/wp-content\/uploads\/2019\/10\/artzainen-saroiak-05.jpg\" alt=\"\" class=\"wp-image-1008\" srcset=\"https:\/\/www.ataunturismoa.eus\/wp-content\/uploads\/2019\/10\/artzainen-saroiak-05.jpg 600w, https:\/\/www.ataunturismoa.eus\/wp-content\/uploads\/2019\/10\/artzainen-saroiak-05-300x225.jpg 300w, https:\/\/www.ataunturismoa.eus\/wp-content\/uploads\/2019\/10\/artzainen-saroiak-05-160x120.jpg 160w\" sizes=\"auto, (max-width: 600px) 100vw, 600px\" \/><\/figure>\n\n\n\n<figure class=\"wp-block-image size-large\"><img loading=\"lazy\" decoding=\"async\" width=\"600\" height=\"450\" data-id=\"1003\" src=\"https:\/\/www.ataunturismoa.eus\/wp-content\/uploads\/2019\/10\/artzainen-saroiak-04.jpg\" alt=\"\" class=\"wp-image-1003\" srcset=\"https:\/\/www.ataunturismoa.eus\/wp-content\/uploads\/2019\/10\/artzainen-saroiak-04.jpg 600w, https:\/\/www.ataunturismoa.eus\/wp-content\/uploads\/2019\/10\/artzainen-saroiak-04-300x225.jpg 300w, https:\/\/www.ataunturismoa.eus\/wp-content\/uploads\/2019\/10\/artzainen-saroiak-04-160x120.jpg 160w\" sizes=\"auto, (max-width: 600px) 100vw, 600px\" \/><\/figure>\n\n\n\n<figure class=\"wp-block-image size-large\"><img loading=\"lazy\" decoding=\"async\" width=\"600\" height=\"450\" data-id=\"998\" src=\"https:\/\/www.ataunturismoa.eus\/wp-content\/uploads\/2019\/10\/artzainen-saroiak-03.jpg\" alt=\"\" class=\"wp-image-998\" srcset=\"https:\/\/www.ataunturismoa.eus\/wp-content\/uploads\/2019\/10\/artzainen-saroiak-03.jpg 600w, https:\/\/www.ataunturismoa.eus\/wp-content\/uploads\/2019\/10\/artzainen-saroiak-03-300x225.jpg 300w, https:\/\/www.ataunturismoa.eus\/wp-content\/uploads\/2019\/10\/artzainen-saroiak-03-160x120.jpg 160w\" sizes=\"auto, (max-width: 600px) 100vw, 600px\" \/><\/figure>\n\n\n\n<figure class=\"wp-block-image size-large\"><img loading=\"lazy\" decoding=\"async\" width=\"600\" height=\"450\" data-id=\"993\" src=\"https:\/\/www.ataunturismoa.eus\/wp-content\/uploads\/2019\/10\/artzainen-saroiak-02.jpg\" alt=\"\" class=\"wp-image-993\" srcset=\"https:\/\/www.ataunturismoa.eus\/wp-content\/uploads\/2019\/10\/artzainen-saroiak-02.jpg 600w, https:\/\/www.ataunturismoa.eus\/wp-content\/uploads\/2019\/10\/artzainen-saroiak-02-300x225.jpg 300w, https:\/\/www.ataunturismoa.eus\/wp-content\/uploads\/2019\/10\/artzainen-saroiak-02-160x120.jpg 160w\" sizes=\"auto, (max-width: 600px) 100vw, 600px\" \/><\/figure>\n\n\n\n<figure class=\"wp-block-image size-large\"><img loading=\"lazy\" decoding=\"async\" width=\"600\" height=\"450\" data-id=\"988\" src=\"https:\/\/www.ataunturismoa.eus\/wp-content\/uploads\/2019\/10\/artzainen-saroiak-01.jpg\" alt=\"\" class=\"wp-image-988\" srcset=\"https:\/\/www.ataunturismoa.eus\/wp-content\/uploads\/2019\/10\/artzainen-saroiak-01.jpg 600w, https:\/\/www.ataunturismoa.eus\/wp-content\/uploads\/2019\/10\/artzainen-saroiak-01-300x225.jpg 300w, https:\/\/www.ataunturismoa.eus\/wp-content\/uploads\/2019\/10\/artzainen-saroiak-01-160x120.jpg 160w\" sizes=\"auto, (max-width: 600px) 100vw, 600px\" \/><\/figure>\n<\/figure>\n","protected":false},"excerpt":{"rendered":"<p>Las majadas son lugares donde se recoge de noche el reba\u00f1o y se albergan los pastores. Suelen contar con una caba\u00f1a, cobijo para el pastor cuando sube a los pastos de monta\u00f1a en verano. Las majadas suelen estar en un lugar protegido, al abrigo de las corrientes de aire, en una hondonada o junto a [&hellip;]<\/p>\n","protected":false},"author":5,"featured_media":1037,"comment_status":"closed","ping_status":"closed","sticky":false,"template":"","format":"standard","meta":{"footnotes":""},"categories":[37],"tags":[],"class_list":["post-4660","post","type-post","status-publish","format-standard","has-post-thumbnail","hentry","category-patrimonio-historico"],"acf":[],"yoast_head":"<!-- This site is optimized with the Yoast SEO plugin v27.5 - https:\/\/yoast.com\/product\/yoast-seo-wordpress\/ -->\n<title>Majadas de pastores - Ataun Turismoa<\/title>\n<meta name=\"robots\" content=\"index, follow, max-snippet:-1, max-image-preview:large, max-video-preview:-1\" \/>\n<link rel=\"canonical\" href=\"https:\/\/www.ataunturismoa.eus\/eu\/artzainen-saroiak\/\" \/>\n<meta property=\"og:locale\" content=\"es_ES\" \/>\n<meta property=\"og:type\" content=\"article\" \/>\n<meta property=\"og:title\" content=\"Majadas de pastores - Ataun Turismoa\" \/>\n<meta property=\"og:description\" content=\"Las majadas son lugares donde se recoge de noche el reba\u00f1o y se albergan los pastores. Suelen contar con una caba\u00f1a, cobijo para el pastor cuando sube a los pastos de monta\u00f1a en verano. Las majadas suelen estar en un lugar protegido, al abrigo de las corrientes de aire, en una hondonada o junto a [&hellip;]\" \/>\n<meta property=\"og:url\" content=\"https:\/\/www.ataunturismoa.eus\/eu\/artzainen-saroiak\/\" \/>\n<meta property=\"og:site_name\" content=\"Ataun Turismoa\" \/>\n<meta property=\"article:published_time\" content=\"2023-10-14T14:25:03+00:00\" \/>\n<meta property=\"article:modified_time\" content=\"2023-10-14T14:26:54+00:00\" \/>\n<meta property=\"og:image\" content=\"https:\/\/www.ataunturismoa.eus\/wp-content\/uploads\/2019\/10\/artzainen-saroiak.jpg\" \/>\n\t<meta property=\"og:image:width\" content=\"600\" \/>\n\t<meta property=\"og:image:height\" content=\"450\" \/>\n\t<meta property=\"og:image:type\" content=\"image\/jpeg\" \/>\n<meta name=\"author\" content=\"Unai\" \/>\n<meta name=\"twitter:card\" content=\"summary_large_image\" \/>\n<meta name=\"twitter:label1\" content=\"Escrito por\" \/>\n\t<meta name=\"twitter:data1\" content=\"Unai\" \/>\n\t<meta name=\"twitter:label2\" content=\"Tiempo de lectura\" \/>\n\t<meta name=\"twitter:data2\" content=\"1 minuto\" \/>\n<script type=\"application\/ld+json\" class=\"yoast-schema-graph\">{\"@context\":\"https:\\\/\\\/schema.org\",\"@graph\":[{\"@type\":\"Article\",\"@id\":\"https:\\\/\\\/www.ataunturismoa.eus\\\/eu\\\/artzainen-saroiak\\\/#article\",\"isPartOf\":{\"@id\":\"https:\\\/\\\/www.ataunturismoa.eus\\\/eu\\\/artzainen-saroiak\\\/\"},\"author\":{\"name\":\"Unai\",\"@id\":\"https:\\\/\\\/www.ataunturismoa.eus\\\/eu\\\/#\\\/schema\\\/person\\\/7d97f3ca1cff93662da761b13d8ed299\"},\"headline\":\"Majadas de pastores\",\"datePublished\":\"2023-10-14T14:25:03+00:00\",\"dateModified\":\"2023-10-14T14:26:54+00:00\",\"mainEntityOfPage\":{\"@id\":\"https:\\\/\\\/www.ataunturismoa.eus\\\/eu\\\/artzainen-saroiak\\\/\"},\"wordCount\":295,\"image\":{\"@id\":\"https:\\\/\\\/www.ataunturismoa.eus\\\/eu\\\/artzainen-saroiak\\\/#primaryimage\"},\"thumbnailUrl\":\"https:\\\/\\\/www.ataunturismoa.eus\\\/wp-content\\\/uploads\\\/2019\\\/10\\\/artzainen-saroiak.jpg\",\"articleSection\":[\"Patrimonio hist\u00f3rico\"],\"inLanguage\":\"es\"},{\"@type\":\"WebPage\",\"@id\":\"https:\\\/\\\/www.ataunturismoa.eus\\\/eu\\\/artzainen-saroiak\\\/\",\"url\":\"https:\\\/\\\/www.ataunturismoa.eus\\\/eu\\\/artzainen-saroiak\\\/\",\"name\":\"Majadas de pastores - Ataun Turismoa\",\"isPartOf\":{\"@id\":\"https:\\\/\\\/www.ataunturismoa.eus\\\/eu\\\/#website\"},\"primaryImageOfPage\":{\"@id\":\"https:\\\/\\\/www.ataunturismoa.eus\\\/eu\\\/artzainen-saroiak\\\/#primaryimage\"},\"image\":{\"@id\":\"https:\\\/\\\/www.ataunturismoa.eus\\\/eu\\\/artzainen-saroiak\\\/#primaryimage\"},\"thumbnailUrl\":\"https:\\\/\\\/www.ataunturismoa.eus\\\/wp-content\\\/uploads\\\/2019\\\/10\\\/artzainen-saroiak.jpg\",\"datePublished\":\"2023-10-14T14:25:03+00:00\",\"dateModified\":\"2023-10-14T14:26:54+00:00\",\"author\":{\"@id\":\"https:\\\/\\\/www.ataunturismoa.eus\\\/eu\\\/#\\\/schema\\\/person\\\/7d97f3ca1cff93662da761b13d8ed299\"},\"breadcrumb\":{\"@id\":\"https:\\\/\\\/www.ataunturismoa.eus\\\/eu\\\/artzainen-saroiak\\\/#breadcrumb\"},\"inLanguage\":\"es\",\"potentialAction\":[{\"@type\":\"ReadAction\",\"target\":[\"https:\\\/\\\/www.ataunturismoa.eus\\\/eu\\\/artzainen-saroiak\\\/\"]}]},{\"@type\":\"ImageObject\",\"inLanguage\":\"es\",\"@id\":\"https:\\\/\\\/www.ataunturismoa.eus\\\/eu\\\/artzainen-saroiak\\\/#primaryimage\",\"url\":\"https:\\\/\\\/www.ataunturismoa.eus\\\/wp-content\\\/uploads\\\/2019\\\/10\\\/artzainen-saroiak.jpg\",\"contentUrl\":\"https:\\\/\\\/www.ataunturismoa.eus\\\/wp-content\\\/uploads\\\/2019\\\/10\\\/artzainen-saroiak.jpg\",\"width\":600,\"height\":450},{\"@type\":\"BreadcrumbList\",\"@id\":\"https:\\\/\\\/www.ataunturismoa.eus\\\/eu\\\/artzainen-saroiak\\\/#breadcrumb\",\"itemListElement\":[{\"@type\":\"ListItem\",\"position\":1,\"name\":\"Inicio\",\"item\":\"https:\\\/\\\/www.ataunturismoa.eus\\\/es\\\/\"},{\"@type\":\"ListItem\",\"position\":2,\"name\":\"Uncategorized @eu\",\"item\":\"https:\\\/\\\/www.ataunturismoa.eus\\\/eu\\\/category\\\/uncategorized-eu\\\/\"},{\"@type\":\"ListItem\",\"position\":3,\"name\":\"Majadas de pastores\"}]},{\"@type\":\"WebSite\",\"@id\":\"https:\\\/\\\/www.ataunturismoa.eus\\\/eu\\\/#website\",\"url\":\"https:\\\/\\\/www.ataunturismoa.eus\\\/eu\\\/\",\"name\":\"Ataun Turismoa\",\"description\":\"\",\"potentialAction\":[{\"@type\":\"SearchAction\",\"target\":{\"@type\":\"EntryPoint\",\"urlTemplate\":\"https:\\\/\\\/www.ataunturismoa.eus\\\/eu\\\/?s={search_term_string}\"},\"query-input\":{\"@type\":\"PropertyValueSpecification\",\"valueRequired\":true,\"valueName\":\"search_term_string\"}}],\"inLanguage\":\"es\"},{\"@type\":\"Person\",\"@id\":\"https:\\\/\\\/www.ataunturismoa.eus\\\/eu\\\/#\\\/schema\\\/person\\\/7d97f3ca1cff93662da761b13d8ed299\",\"name\":\"Unai\",\"image\":{\"@type\":\"ImageObject\",\"inLanguage\":\"es\",\"@id\":\"https:\\\/\\\/secure.gravatar.com\\\/avatar\\\/0dcea0ce3ec28cf808b3ac031fac40bc4bae43636180ba5f8332264b7ce51057?s=96&d=mm&r=g\",\"url\":\"https:\\\/\\\/secure.gravatar.com\\\/avatar\\\/0dcea0ce3ec28cf808b3ac031fac40bc4bae43636180ba5f8332264b7ce51057?s=96&d=mm&r=g\",\"contentUrl\":\"https:\\\/\\\/secure.gravatar.com\\\/avatar\\\/0dcea0ce3ec28cf808b3ac031fac40bc4bae43636180ba5f8332264b7ce51057?s=96&d=mm&r=g\",\"caption\":\"Unai\"},\"url\":\"https:\\\/\\\/www.ataunturismoa.eus\\\/es\\\/author\\\/unaisaretu-com\\\/\"}]}<\/script>\n<!-- \/ Yoast SEO plugin. -->","yoast_head_json":{"title":"Majadas de pastores - Ataun Turismoa","robots":{"index":"index","follow":"follow","max-snippet":"max-snippet:-1","max-image-preview":"max-image-preview:large","max-video-preview":"max-video-preview:-1"},"canonical":"https:\/\/www.ataunturismoa.eus\/eu\/artzainen-saroiak\/","og_locale":"es_ES","og_type":"article","og_title":"Majadas de pastores - Ataun Turismoa","og_description":"Las majadas son lugares donde se recoge de noche el reba\u00f1o y se albergan los pastores. Suelen contar con una caba\u00f1a, cobijo para el pastor cuando sube a los pastos de monta\u00f1a en verano. Las majadas suelen estar en un lugar protegido, al abrigo de las corrientes de aire, en una hondonada o junto a [&hellip;]","og_url":"https:\/\/www.ataunturismoa.eus\/eu\/artzainen-saroiak\/","og_site_name":"Ataun Turismoa","article_published_time":"2023-10-14T14:25:03+00:00","article_modified_time":"2023-10-14T14:26:54+00:00","og_image":[{"width":600,"height":450,"url":"https:\/\/www.ataunturismoa.eus\/wp-content\/uploads\/2019\/10\/artzainen-saroiak.jpg","type":"image\/jpeg"}],"author":"Unai","twitter_card":"summary_large_image","twitter_misc":{"Escrito por":"Unai","Tiempo de lectura":"1 minuto"},"schema":{"@context":"https:\/\/schema.org","@graph":[{"@type":"Article","@id":"https:\/\/www.ataunturismoa.eus\/eu\/artzainen-saroiak\/#article","isPartOf":{"@id":"https:\/\/www.ataunturismoa.eus\/eu\/artzainen-saroiak\/"},"author":{"name":"Unai","@id":"https:\/\/www.ataunturismoa.eus\/eu\/#\/schema\/person\/7d97f3ca1cff93662da761b13d8ed299"},"headline":"Majadas de pastores","datePublished":"2023-10-14T14:25:03+00:00","dateModified":"2023-10-14T14:26:54+00:00","mainEntityOfPage":{"@id":"https:\/\/www.ataunturismoa.eus\/eu\/artzainen-saroiak\/"},"wordCount":295,"image":{"@id":"https:\/\/www.ataunturismoa.eus\/eu\/artzainen-saroiak\/#primaryimage"},"thumbnailUrl":"https:\/\/www.ataunturismoa.eus\/wp-content\/uploads\/2019\/10\/artzainen-saroiak.jpg","articleSection":["Patrimonio hist\u00f3rico"],"inLanguage":"es"},{"@type":"WebPage","@id":"https:\/\/www.ataunturismoa.eus\/eu\/artzainen-saroiak\/","url":"https:\/\/www.ataunturismoa.eus\/eu\/artzainen-saroiak\/","name":"Majadas de pastores - Ataun Turismoa","isPartOf":{"@id":"https:\/\/www.ataunturismoa.eus\/eu\/#website"},"primaryImageOfPage":{"@id":"https:\/\/www.ataunturismoa.eus\/eu\/artzainen-saroiak\/#primaryimage"},"image":{"@id":"https:\/\/www.ataunturismoa.eus\/eu\/artzainen-saroiak\/#primaryimage"},"thumbnailUrl":"https:\/\/www.ataunturismoa.eus\/wp-content\/uploads\/2019\/10\/artzainen-saroiak.jpg","datePublished":"2023-10-14T14:25:03+00:00","dateModified":"2023-10-14T14:26:54+00:00","author":{"@id":"https:\/\/www.ataunturismoa.eus\/eu\/#\/schema\/person\/7d97f3ca1cff93662da761b13d8ed299"},"breadcrumb":{"@id":"https:\/\/www.ataunturismoa.eus\/eu\/artzainen-saroiak\/#breadcrumb"},"inLanguage":"es","potentialAction":[{"@type":"ReadAction","target":["https:\/\/www.ataunturismoa.eus\/eu\/artzainen-saroiak\/"]}]},{"@type":"ImageObject","inLanguage":"es","@id":"https:\/\/www.ataunturismoa.eus\/eu\/artzainen-saroiak\/#primaryimage","url":"https:\/\/www.ataunturismoa.eus\/wp-content\/uploads\/2019\/10\/artzainen-saroiak.jpg","contentUrl":"https:\/\/www.ataunturismoa.eus\/wp-content\/uploads\/2019\/10\/artzainen-saroiak.jpg","width":600,"height":450},{"@type":"BreadcrumbList","@id":"https:\/\/www.ataunturismoa.eus\/eu\/artzainen-saroiak\/#breadcrumb","itemListElement":[{"@type":"ListItem","position":1,"name":"Inicio","item":"https:\/\/www.ataunturismoa.eus\/es\/"},{"@type":"ListItem","position":2,"name":"Uncategorized @eu","item":"https:\/\/www.ataunturismoa.eus\/eu\/category\/uncategorized-eu\/"},{"@type":"ListItem","position":3,"name":"Majadas de pastores"}]},{"@type":"WebSite","@id":"https:\/\/www.ataunturismoa.eus\/eu\/#website","url":"https:\/\/www.ataunturismoa.eus\/eu\/","name":"Ataun Turismoa","description":"","potentialAction":[{"@type":"SearchAction","target":{"@type":"EntryPoint","urlTemplate":"https:\/\/www.ataunturismoa.eus\/eu\/?s={search_term_string}"},"query-input":{"@type":"PropertyValueSpecification","valueRequired":true,"valueName":"search_term_string"}}],"inLanguage":"es"},{"@type":"Person","@id":"https:\/\/www.ataunturismoa.eus\/eu\/#\/schema\/person\/7d97f3ca1cff93662da761b13d8ed299","name":"Unai","image":{"@type":"ImageObject","inLanguage":"es","@id":"https:\/\/secure.gravatar.com\/avatar\/0dcea0ce3ec28cf808b3ac031fac40bc4bae43636180ba5f8332264b7ce51057?s=96&d=mm&r=g","url":"https:\/\/secure.gravatar.com\/avatar\/0dcea0ce3ec28cf808b3ac031fac40bc4bae43636180ba5f8332264b7ce51057?s=96&d=mm&r=g","contentUrl":"https:\/\/secure.gravatar.com\/avatar\/0dcea0ce3ec28cf808b3ac031fac40bc4bae43636180ba5f8332264b7ce51057?s=96&d=mm&r=g","caption":"Unai"},"url":"https:\/\/www.ataunturismoa.eus\/es\/author\/unaisaretu-com\/"}]}},"_links":{"self":[{"href":"https:\/\/www.ataunturismoa.eus\/es\/wp-json\/wp\/v2\/posts\/4660","targetHints":{"allow":["GET"]}}],"collection":[{"href":"https:\/\/www.ataunturismoa.eus\/es\/wp-json\/wp\/v2\/posts"}],"about":[{"href":"https:\/\/www.ataunturismoa.eus\/es\/wp-json\/wp\/v2\/types\/post"}],"author":[{"embeddable":true,"href":"https:\/\/www.ataunturismoa.eus\/es\/wp-json\/wp\/v2\/users\/5"}],"replies":[{"embeddable":true,"href":"https:\/\/www.ataunturismoa.eus\/es\/wp-json\/wp\/v2\/comments?post=4660"}],"version-history":[{"count":1,"href":"https:\/\/www.ataunturismoa.eus\/es\/wp-json\/wp\/v2\/posts\/4660\/revisions"}],"predecessor-version":[{"id":4661,"href":"https:\/\/www.ataunturismoa.eus\/es\/wp-json\/wp\/v2\/posts\/4660\/revisions\/4661"}],"wp:featuredmedia":[{"embeddable":true,"href":"https:\/\/www.ataunturismoa.eus\/es\/wp-json\/wp\/v2\/media\/1037"}],"wp:attachment":[{"href":"https:\/\/www.ataunturismoa.eus\/es\/wp-json\/wp\/v2\/media?parent=4660"}],"wp:term":[{"taxonomy":"category","embeddable":true,"href":"https:\/\/www.ataunturismoa.eus\/es\/wp-json\/wp\/v2\/categories?post=4660"},{"taxonomy":"post_tag","embeddable":true,"href":"https:\/\/www.ataunturismoa.eus\/es\/wp-json\/wp\/v2\/tags?post=4660"}],"curies":[{"name":"wp","href":"https:\/\/api.w.org\/{rel}","templated":true}]}}