{"id":5212,"date":"2024-01-05T09:07:05","date_gmt":"2024-01-05T08:07:05","guid":{"rendered":"https:\/\/www.ataunturismoa.eus\/cledes-de-pastors\/"},"modified":"2024-01-05T09:07:05","modified_gmt":"2024-01-05T08:07:05","slug":"cledes-de-pastors","status":"publish","type":"post","link":"https:\/\/www.ataunturismoa.eus\/ca\/cledes-de-pastors\/","title":{"rendered":"CLEDES DE PASTORS"},"content":{"rendered":"\n<p>Les cledes s\u00f3n llocs on es recull de nit el ramat i s\u2019alberguen els pastors. Solen contar amb una cabanya, recer per al pastor quan puja a les pastures de muntanya a l\u2019estiu.<\/p>\n\n<p>Les cledes solen estar en un lloc protegit, a l\u2019abric dels corrents d\u2019aire, en una fondalada o al costat d\u2019una roca. Cada cleda sol tenir una barraca o m\u00e9s en els seus l\u00edmits, estatge del pastor; i a m\u00e9s inclou: cledes, horts, estable o lloc per a munyir les ovelles, etc. En el Pa\u00eds Basc s\u2019han desenvolupat diversos tipus de cleda; a nosaltres ens interessen les de la zona d\u2019Ataun i d\u2019Aralar. En aquesta zona, en l\u2019actualitat es cobreix el sostre amb teula, per\u00f2, com anteriorment estava prohibit, el sostre era de palla, a dues aig\u00fces i sense gran caiguda. La porta d\u2019entrada est\u00e0 sota la part m\u00e9s alta i no tenen finestres. La cabanya sol tenir tres parts: la primera part, \u201ccoberta\u201d, despr\u00e9s d\u2019entrar, amb funcions de cuina, i per guardar els instruments per a elaborar formatge; despr\u00e9s ve el dormitori (el llit generalment estava fet de bruc); i finalment est\u00e0 ell lloc per a fer el formatge, cobert de taules o teles. Les cledes tenen parets de fusta i el s\u00f2l generalment sol ser terra comprimida amb els peus, encara que pot ser tamb\u00e9 de llosa o de fusta. A m\u00e9s de la cabanya solen tenir un tancament de pedra (estable o munyider), que serveix per a acollir el ramat de nit o per a munyir-lo.<\/p>\n\n<p>En Ataun encara queden restes de cledes antigues. Si ens acostem a la zona d\u2019Agautz veurem diverses cabanyes i estables, en un paratge inigualable.<\/p>\n\n<figure class=\"wp-block-gallery has-nested-images columns-default is-cropped wp-block-gallery-1 is-layout-flex wp-block-gallery-is-layout-flex\">\n<figure class=\"wp-block-image size-large\"><img loading=\"lazy\" decoding=\"async\" width=\"600\" height=\"450\" data-id=\"1033\" src=\"https:\/\/www.ataunturismoa.eus\/wp-content\/uploads\/2019\/10\/artzainen-saroiak.jpg\" alt=\"\" class=\"wp-image-1033\" srcset=\"https:\/\/www.ataunturismoa.eus\/wp-content\/uploads\/2019\/10\/artzainen-saroiak.jpg 600w, https:\/\/www.ataunturismoa.eus\/wp-content\/uploads\/2019\/10\/artzainen-saroiak-300x225.jpg 300w, https:\/\/www.ataunturismoa.eus\/wp-content\/uploads\/2019\/10\/artzainen-saroiak-160x120.jpg 160w\" sizes=\"auto, (max-width: 600px) 100vw, 600px\" \/><\/figure>\n\n\n\n<figure class=\"wp-block-image size-large\"><img loading=\"lazy\" decoding=\"async\" width=\"600\" height=\"450\" data-id=\"1028\" src=\"https:\/\/www.ataunturismoa.eus\/wp-content\/uploads\/2019\/10\/artzainen-saroiak-09.jpg\" alt=\"\" class=\"wp-image-1028\" srcset=\"https:\/\/www.ataunturismoa.eus\/wp-content\/uploads\/2019\/10\/artzainen-saroiak-09.jpg 600w, https:\/\/www.ataunturismoa.eus\/wp-content\/uploads\/2019\/10\/artzainen-saroiak-09-300x225.jpg 300w, https:\/\/www.ataunturismoa.eus\/wp-content\/uploads\/2019\/10\/artzainen-saroiak-09-160x120.jpg 160w\" sizes=\"auto, (max-width: 600px) 100vw, 600px\" \/><\/figure>\n\n\n\n<figure class=\"wp-block-image size-large\"><img loading=\"lazy\" decoding=\"async\" width=\"600\" height=\"450\" data-id=\"1023\" src=\"https:\/\/www.ataunturismoa.eus\/wp-content\/uploads\/2019\/10\/artzainen-saroiak-08.jpg\" alt=\"\" class=\"wp-image-1023\" srcset=\"https:\/\/www.ataunturismoa.eus\/wp-content\/uploads\/2019\/10\/artzainen-saroiak-08.jpg 600w, https:\/\/www.ataunturismoa.eus\/wp-content\/uploads\/2019\/10\/artzainen-saroiak-08-300x225.jpg 300w, https:\/\/www.ataunturismoa.eus\/wp-content\/uploads\/2019\/10\/artzainen-saroiak-08-160x120.jpg 160w\" sizes=\"auto, (max-width: 600px) 100vw, 600px\" \/><\/figure>\n\n\n\n<figure class=\"wp-block-image size-large\"><img loading=\"lazy\" decoding=\"async\" width=\"600\" height=\"450\" data-id=\"1018\" src=\"https:\/\/www.ataunturismoa.eus\/wp-content\/uploads\/2019\/10\/artzainen-saroiak-07.jpg\" alt=\"\" class=\"wp-image-1018\" srcset=\"https:\/\/www.ataunturismoa.eus\/wp-content\/uploads\/2019\/10\/artzainen-saroiak-07.jpg 600w, https:\/\/www.ataunturismoa.eus\/wp-content\/uploads\/2019\/10\/artzainen-saroiak-07-300x225.jpg 300w, https:\/\/www.ataunturismoa.eus\/wp-content\/uploads\/2019\/10\/artzainen-saroiak-07-160x120.jpg 160w\" sizes=\"auto, (max-width: 600px) 100vw, 600px\" \/><\/figure>\n\n\n\n<figure class=\"wp-block-image size-large\"><img loading=\"lazy\" decoding=\"async\" width=\"600\" height=\"450\" data-id=\"1013\" src=\"https:\/\/www.ataunturismoa.eus\/wp-content\/uploads\/2019\/10\/artzainen-saroiak-06.jpg\" alt=\"\" class=\"wp-image-1013\" srcset=\"https:\/\/www.ataunturismoa.eus\/wp-content\/uploads\/2019\/10\/artzainen-saroiak-06.jpg 600w, https:\/\/www.ataunturismoa.eus\/wp-content\/uploads\/2019\/10\/artzainen-saroiak-06-300x225.jpg 300w, https:\/\/www.ataunturismoa.eus\/wp-content\/uploads\/2019\/10\/artzainen-saroiak-06-160x120.jpg 160w\" sizes=\"auto, (max-width: 600px) 100vw, 600px\" \/><\/figure>\n\n\n\n<figure class=\"wp-block-image size-large\"><img loading=\"lazy\" decoding=\"async\" width=\"600\" height=\"450\" data-id=\"1008\" src=\"https:\/\/www.ataunturismoa.eus\/wp-content\/uploads\/2019\/10\/artzainen-saroiak-05.jpg\" alt=\"\" class=\"wp-image-1008\" srcset=\"https:\/\/www.ataunturismoa.eus\/wp-content\/uploads\/2019\/10\/artzainen-saroiak-05.jpg 600w, https:\/\/www.ataunturismoa.eus\/wp-content\/uploads\/2019\/10\/artzainen-saroiak-05-300x225.jpg 300w, https:\/\/www.ataunturismoa.eus\/wp-content\/uploads\/2019\/10\/artzainen-saroiak-05-160x120.jpg 160w\" sizes=\"auto, (max-width: 600px) 100vw, 600px\" \/><\/figure>\n\n\n\n<figure class=\"wp-block-image size-large\"><img loading=\"lazy\" decoding=\"async\" width=\"600\" height=\"450\" data-id=\"1003\" src=\"https:\/\/www.ataunturismoa.eus\/wp-content\/uploads\/2019\/10\/artzainen-saroiak-04.jpg\" alt=\"\" class=\"wp-image-1003\" srcset=\"https:\/\/www.ataunturismoa.eus\/wp-content\/uploads\/2019\/10\/artzainen-saroiak-04.jpg 600w, https:\/\/www.ataunturismoa.eus\/wp-content\/uploads\/2019\/10\/artzainen-saroiak-04-300x225.jpg 300w, https:\/\/www.ataunturismoa.eus\/wp-content\/uploads\/2019\/10\/artzainen-saroiak-04-160x120.jpg 160w\" sizes=\"auto, (max-width: 600px) 100vw, 600px\" \/><\/figure>\n\n\n\n<figure class=\"wp-block-image size-large\"><img loading=\"lazy\" decoding=\"async\" width=\"600\" height=\"450\" data-id=\"998\" src=\"https:\/\/www.ataunturismoa.eus\/wp-content\/uploads\/2019\/10\/artzainen-saroiak-03.jpg\" alt=\"\" class=\"wp-image-998\" srcset=\"https:\/\/www.ataunturismoa.eus\/wp-content\/uploads\/2019\/10\/artzainen-saroiak-03.jpg 600w, https:\/\/www.ataunturismoa.eus\/wp-content\/uploads\/2019\/10\/artzainen-saroiak-03-300x225.jpg 300w, https:\/\/www.ataunturismoa.eus\/wp-content\/uploads\/2019\/10\/artzainen-saroiak-03-160x120.jpg 160w\" sizes=\"auto, (max-width: 600px) 100vw, 600px\" \/><\/figure>\n\n\n\n<figure class=\"wp-block-image size-large\"><img loading=\"lazy\" decoding=\"async\" width=\"600\" height=\"450\" data-id=\"993\" src=\"https:\/\/www.ataunturismoa.eus\/wp-content\/uploads\/2019\/10\/artzainen-saroiak-02.jpg\" alt=\"\" class=\"wp-image-993\" srcset=\"https:\/\/www.ataunturismoa.eus\/wp-content\/uploads\/2019\/10\/artzainen-saroiak-02.jpg 600w, https:\/\/www.ataunturismoa.eus\/wp-content\/uploads\/2019\/10\/artzainen-saroiak-02-300x225.jpg 300w, https:\/\/www.ataunturismoa.eus\/wp-content\/uploads\/2019\/10\/artzainen-saroiak-02-160x120.jpg 160w\" sizes=\"auto, (max-width: 600px) 100vw, 600px\" \/><\/figure>\n\n\n\n<figure class=\"wp-block-image size-large\"><img loading=\"lazy\" decoding=\"async\" width=\"600\" height=\"450\" data-id=\"988\" src=\"https:\/\/www.ataunturismoa.eus\/wp-content\/uploads\/2019\/10\/artzainen-saroiak-01.jpg\" alt=\"\" class=\"wp-image-988\" srcset=\"https:\/\/www.ataunturismoa.eus\/wp-content\/uploads\/2019\/10\/artzainen-saroiak-01.jpg 600w, https:\/\/www.ataunturismoa.eus\/wp-content\/uploads\/2019\/10\/artzainen-saroiak-01-300x225.jpg 300w, https:\/\/www.ataunturismoa.eus\/wp-content\/uploads\/2019\/10\/artzainen-saroiak-01-160x120.jpg 160w\" sizes=\"auto, (max-width: 600px) 100vw, 600px\" \/><\/figure>\n<\/figure>\n","protected":false},"excerpt":{"rendered":"<p>Les cledes s\u00f3n llocs on es recull de nit el ramat i s\u2019alberguen els pastors. Solen contar amb una cabanya, recer per al pastor quan puja a les pastures de muntanya a l\u2019estiu. Les cledes solen estar en un lloc protegit, a l\u2019abric dels corrents d\u2019aire, en una fondalada o al costat d\u2019una roca. Cada [&hellip;]<\/p>\n","protected":false},"author":5,"featured_media":1034,"comment_status":"closed","ping_status":"closed","sticky":false,"template":"","format":"standard","meta":{"footnotes":""},"categories":[41],"tags":[],"class_list":["post-5212","post","type-post","status-publish","format-standard","has-post-thumbnail","hentry","category-patrimoni-historic"],"acf":[],"yoast_head":"<!-- This site is optimized with the Yoast SEO plugin v27.5 - https:\/\/yoast.com\/product\/yoast-seo-wordpress\/ -->\n<title>CLEDES DE PASTORS - Ataun Turismoa<\/title>\n<meta name=\"robots\" content=\"index, follow, max-snippet:-1, max-image-preview:large, max-video-preview:-1\" \/>\n<link rel=\"canonical\" href=\"https:\/\/www.ataunturismoa.eus\/ca\/cledes-de-pastors\/\" \/>\n<meta property=\"og:locale\" content=\"ca_ES\" \/>\n<meta property=\"og:type\" content=\"article\" \/>\n<meta property=\"og:title\" content=\"CLEDES DE PASTORS - Ataun Turismoa\" \/>\n<meta property=\"og:description\" content=\"Les cledes s\u00f3n llocs on es recull de nit el ramat i s\u2019alberguen els pastors. Solen contar amb una cabanya, recer per al pastor quan puja a les pastures de muntanya a l\u2019estiu. Les cledes solen estar en un lloc protegit, a l\u2019abric dels corrents d\u2019aire, en una fondalada o al costat d\u2019una roca. Cada [&hellip;]\" \/>\n<meta property=\"og:url\" content=\"https:\/\/www.ataunturismoa.eus\/ca\/cledes-de-pastors\/\" \/>\n<meta property=\"og:site_name\" content=\"Ataun Turismoa\" \/>\n<meta property=\"article:published_time\" content=\"2024-01-05T08:07:05+00:00\" \/>\n<meta property=\"og:image\" content=\"https:\/\/www.ataunturismoa.eus\/wp-content\/uploads\/2019\/10\/artzainen-saroiak.jpg\" \/>\n\t<meta property=\"og:image:width\" content=\"600\" \/>\n\t<meta property=\"og:image:height\" content=\"450\" \/>\n\t<meta property=\"og:image:type\" content=\"image\/jpeg\" \/>\n<meta name=\"author\" content=\"Unai\" \/>\n<meta name=\"twitter:card\" content=\"summary_large_image\" \/>\n<meta name=\"twitter:label1\" content=\"Escrit per\" \/>\n\t<meta name=\"twitter:data1\" content=\"Unai\" \/>\n\t<meta name=\"twitter:label2\" content=\"Temps estimat de lectura\" \/>\n\t<meta name=\"twitter:data2\" content=\"1 minut\" \/>\n<script type=\"application\/ld+json\" class=\"yoast-schema-graph\">{\"@context\":\"https:\\\/\\\/schema.org\",\"@graph\":[{\"@type\":\"Article\",\"@id\":\"https:\\\/\\\/www.ataunturismoa.eus\\\/ca\\\/cledes-de-pastors\\\/#article\",\"isPartOf\":{\"@id\":\"https:\\\/\\\/www.ataunturismoa.eus\\\/ca\\\/cledes-de-pastors\\\/\"},\"author\":{\"name\":\"Unai\",\"@id\":\"https:\\\/\\\/www.ataunturismoa.eus\\\/eu\\\/#\\\/schema\\\/person\\\/7d97f3ca1cff93662da761b13d8ed299\"},\"headline\":\"CLEDES DE PASTORS\",\"datePublished\":\"2024-01-05T08:07:05+00:00\",\"mainEntityOfPage\":{\"@id\":\"https:\\\/\\\/www.ataunturismoa.eus\\\/ca\\\/cledes-de-pastors\\\/\"},\"wordCount\":301,\"image\":{\"@id\":\"https:\\\/\\\/www.ataunturismoa.eus\\\/ca\\\/cledes-de-pastors\\\/#primaryimage\"},\"thumbnailUrl\":\"https:\\\/\\\/www.ataunturismoa.eus\\\/wp-content\\\/uploads\\\/2019\\\/10\\\/artzainen-saroiak.jpg\",\"articleSection\":[\"Patrimoni hist\u00f2ric\"],\"inLanguage\":\"ca\"},{\"@type\":\"WebPage\",\"@id\":\"https:\\\/\\\/www.ataunturismoa.eus\\\/ca\\\/cledes-de-pastors\\\/\",\"url\":\"https:\\\/\\\/www.ataunturismoa.eus\\\/ca\\\/cledes-de-pastors\\\/\",\"name\":\"CLEDES DE PASTORS - Ataun Turismoa\",\"isPartOf\":{\"@id\":\"https:\\\/\\\/www.ataunturismoa.eus\\\/eu\\\/#website\"},\"primaryImageOfPage\":{\"@id\":\"https:\\\/\\\/www.ataunturismoa.eus\\\/ca\\\/cledes-de-pastors\\\/#primaryimage\"},\"image\":{\"@id\":\"https:\\\/\\\/www.ataunturismoa.eus\\\/ca\\\/cledes-de-pastors\\\/#primaryimage\"},\"thumbnailUrl\":\"https:\\\/\\\/www.ataunturismoa.eus\\\/wp-content\\\/uploads\\\/2019\\\/10\\\/artzainen-saroiak.jpg\",\"datePublished\":\"2024-01-05T08:07:05+00:00\",\"author\":{\"@id\":\"https:\\\/\\\/www.ataunturismoa.eus\\\/eu\\\/#\\\/schema\\\/person\\\/7d97f3ca1cff93662da761b13d8ed299\"},\"breadcrumb\":{\"@id\":\"https:\\\/\\\/www.ataunturismoa.eus\\\/ca\\\/cledes-de-pastors\\\/#breadcrumb\"},\"inLanguage\":\"ca\",\"potentialAction\":[{\"@type\":\"ReadAction\",\"target\":[\"https:\\\/\\\/www.ataunturismoa.eus\\\/ca\\\/cledes-de-pastors\\\/\"]}]},{\"@type\":\"ImageObject\",\"inLanguage\":\"ca\",\"@id\":\"https:\\\/\\\/www.ataunturismoa.eus\\\/ca\\\/cledes-de-pastors\\\/#primaryimage\",\"url\":\"https:\\\/\\\/www.ataunturismoa.eus\\\/wp-content\\\/uploads\\\/2019\\\/10\\\/artzainen-saroiak.jpg\",\"contentUrl\":\"https:\\\/\\\/www.ataunturismoa.eus\\\/wp-content\\\/uploads\\\/2019\\\/10\\\/artzainen-saroiak.jpg\",\"width\":600,\"height\":450},{\"@type\":\"BreadcrumbList\",\"@id\":\"https:\\\/\\\/www.ataunturismoa.eus\\\/ca\\\/cledes-de-pastors\\\/#breadcrumb\",\"itemListElement\":[{\"@type\":\"ListItem\",\"position\":1,\"name\":\"Inicio\",\"item\":\"https:\\\/\\\/www.ataunturismoa.eus\\\/ca\\\/\"},{\"@type\":\"ListItem\",\"position\":2,\"name\":\"Uncategorized @eu\",\"item\":\"https:\\\/\\\/www.ataunturismoa.eus\\\/eu\\\/category\\\/uncategorized-eu\\\/\"},{\"@type\":\"ListItem\",\"position\":3,\"name\":\"CLEDES DE PASTORS\"}]},{\"@type\":\"WebSite\",\"@id\":\"https:\\\/\\\/www.ataunturismoa.eus\\\/eu\\\/#website\",\"url\":\"https:\\\/\\\/www.ataunturismoa.eus\\\/eu\\\/\",\"name\":\"Ataun Turismoa\",\"description\":\"\",\"potentialAction\":[{\"@type\":\"SearchAction\",\"target\":{\"@type\":\"EntryPoint\",\"urlTemplate\":\"https:\\\/\\\/www.ataunturismoa.eus\\\/eu\\\/?s={search_term_string}\"},\"query-input\":{\"@type\":\"PropertyValueSpecification\",\"valueRequired\":true,\"valueName\":\"search_term_string\"}}],\"inLanguage\":\"ca\"},{\"@type\":\"Person\",\"@id\":\"https:\\\/\\\/www.ataunturismoa.eus\\\/eu\\\/#\\\/schema\\\/person\\\/7d97f3ca1cff93662da761b13d8ed299\",\"name\":\"Unai\",\"image\":{\"@type\":\"ImageObject\",\"inLanguage\":\"ca\",\"@id\":\"https:\\\/\\\/secure.gravatar.com\\\/avatar\\\/0dcea0ce3ec28cf808b3ac031fac40bc4bae43636180ba5f8332264b7ce51057?s=96&d=mm&r=g\",\"url\":\"https:\\\/\\\/secure.gravatar.com\\\/avatar\\\/0dcea0ce3ec28cf808b3ac031fac40bc4bae43636180ba5f8332264b7ce51057?s=96&d=mm&r=g\",\"contentUrl\":\"https:\\\/\\\/secure.gravatar.com\\\/avatar\\\/0dcea0ce3ec28cf808b3ac031fac40bc4bae43636180ba5f8332264b7ce51057?s=96&d=mm&r=g\",\"caption\":\"Unai\"},\"url\":\"https:\\\/\\\/www.ataunturismoa.eus\\\/ca\\\/author\\\/unaisaretu-com\\\/\"}]}<\/script>\n<!-- \/ Yoast SEO plugin. -->","yoast_head_json":{"title":"CLEDES DE PASTORS - Ataun Turismoa","robots":{"index":"index","follow":"follow","max-snippet":"max-snippet:-1","max-image-preview":"max-image-preview:large","max-video-preview":"max-video-preview:-1"},"canonical":"https:\/\/www.ataunturismoa.eus\/ca\/cledes-de-pastors\/","og_locale":"ca_ES","og_type":"article","og_title":"CLEDES DE PASTORS - Ataun Turismoa","og_description":"Les cledes s\u00f3n llocs on es recull de nit el ramat i s\u2019alberguen els pastors. Solen contar amb una cabanya, recer per al pastor quan puja a les pastures de muntanya a l\u2019estiu. Les cledes solen estar en un lloc protegit, a l\u2019abric dels corrents d\u2019aire, en una fondalada o al costat d\u2019una roca. Cada [&hellip;]","og_url":"https:\/\/www.ataunturismoa.eus\/ca\/cledes-de-pastors\/","og_site_name":"Ataun Turismoa","article_published_time":"2024-01-05T08:07:05+00:00","og_image":[{"width":600,"height":450,"url":"https:\/\/www.ataunturismoa.eus\/wp-content\/uploads\/2019\/10\/artzainen-saroiak.jpg","type":"image\/jpeg"}],"author":"Unai","twitter_card":"summary_large_image","twitter_misc":{"Escrit per":"Unai","Temps estimat de lectura":"1 minut"},"schema":{"@context":"https:\/\/schema.org","@graph":[{"@type":"Article","@id":"https:\/\/www.ataunturismoa.eus\/ca\/cledes-de-pastors\/#article","isPartOf":{"@id":"https:\/\/www.ataunturismoa.eus\/ca\/cledes-de-pastors\/"},"author":{"name":"Unai","@id":"https:\/\/www.ataunturismoa.eus\/eu\/#\/schema\/person\/7d97f3ca1cff93662da761b13d8ed299"},"headline":"CLEDES DE PASTORS","datePublished":"2024-01-05T08:07:05+00:00","mainEntityOfPage":{"@id":"https:\/\/www.ataunturismoa.eus\/ca\/cledes-de-pastors\/"},"wordCount":301,"image":{"@id":"https:\/\/www.ataunturismoa.eus\/ca\/cledes-de-pastors\/#primaryimage"},"thumbnailUrl":"https:\/\/www.ataunturismoa.eus\/wp-content\/uploads\/2019\/10\/artzainen-saroiak.jpg","articleSection":["Patrimoni hist\u00f2ric"],"inLanguage":"ca"},{"@type":"WebPage","@id":"https:\/\/www.ataunturismoa.eus\/ca\/cledes-de-pastors\/","url":"https:\/\/www.ataunturismoa.eus\/ca\/cledes-de-pastors\/","name":"CLEDES DE PASTORS - Ataun Turismoa","isPartOf":{"@id":"https:\/\/www.ataunturismoa.eus\/eu\/#website"},"primaryImageOfPage":{"@id":"https:\/\/www.ataunturismoa.eus\/ca\/cledes-de-pastors\/#primaryimage"},"image":{"@id":"https:\/\/www.ataunturismoa.eus\/ca\/cledes-de-pastors\/#primaryimage"},"thumbnailUrl":"https:\/\/www.ataunturismoa.eus\/wp-content\/uploads\/2019\/10\/artzainen-saroiak.jpg","datePublished":"2024-01-05T08:07:05+00:00","author":{"@id":"https:\/\/www.ataunturismoa.eus\/eu\/#\/schema\/person\/7d97f3ca1cff93662da761b13d8ed299"},"breadcrumb":{"@id":"https:\/\/www.ataunturismoa.eus\/ca\/cledes-de-pastors\/#breadcrumb"},"inLanguage":"ca","potentialAction":[{"@type":"ReadAction","target":["https:\/\/www.ataunturismoa.eus\/ca\/cledes-de-pastors\/"]}]},{"@type":"ImageObject","inLanguage":"ca","@id":"https:\/\/www.ataunturismoa.eus\/ca\/cledes-de-pastors\/#primaryimage","url":"https:\/\/www.ataunturismoa.eus\/wp-content\/uploads\/2019\/10\/artzainen-saroiak.jpg","contentUrl":"https:\/\/www.ataunturismoa.eus\/wp-content\/uploads\/2019\/10\/artzainen-saroiak.jpg","width":600,"height":450},{"@type":"BreadcrumbList","@id":"https:\/\/www.ataunturismoa.eus\/ca\/cledes-de-pastors\/#breadcrumb","itemListElement":[{"@type":"ListItem","position":1,"name":"Inicio","item":"https:\/\/www.ataunturismoa.eus\/ca\/"},{"@type":"ListItem","position":2,"name":"Uncategorized @eu","item":"https:\/\/www.ataunturismoa.eus\/eu\/category\/uncategorized-eu\/"},{"@type":"ListItem","position":3,"name":"CLEDES DE PASTORS"}]},{"@type":"WebSite","@id":"https:\/\/www.ataunturismoa.eus\/eu\/#website","url":"https:\/\/www.ataunturismoa.eus\/eu\/","name":"Ataun Turismoa","description":"","potentialAction":[{"@type":"SearchAction","target":{"@type":"EntryPoint","urlTemplate":"https:\/\/www.ataunturismoa.eus\/eu\/?s={search_term_string}"},"query-input":{"@type":"PropertyValueSpecification","valueRequired":true,"valueName":"search_term_string"}}],"inLanguage":"ca"},{"@type":"Person","@id":"https:\/\/www.ataunturismoa.eus\/eu\/#\/schema\/person\/7d97f3ca1cff93662da761b13d8ed299","name":"Unai","image":{"@type":"ImageObject","inLanguage":"ca","@id":"https:\/\/secure.gravatar.com\/avatar\/0dcea0ce3ec28cf808b3ac031fac40bc4bae43636180ba5f8332264b7ce51057?s=96&d=mm&r=g","url":"https:\/\/secure.gravatar.com\/avatar\/0dcea0ce3ec28cf808b3ac031fac40bc4bae43636180ba5f8332264b7ce51057?s=96&d=mm&r=g","contentUrl":"https:\/\/secure.gravatar.com\/avatar\/0dcea0ce3ec28cf808b3ac031fac40bc4bae43636180ba5f8332264b7ce51057?s=96&d=mm&r=g","caption":"Unai"},"url":"https:\/\/www.ataunturismoa.eus\/ca\/author\/unaisaretu-com\/"}]}},"_links":{"self":[{"href":"https:\/\/www.ataunturismoa.eus\/ca\/wp-json\/wp\/v2\/posts\/5212","targetHints":{"allow":["GET"]}}],"collection":[{"href":"https:\/\/www.ataunturismoa.eus\/ca\/wp-json\/wp\/v2\/posts"}],"about":[{"href":"https:\/\/www.ataunturismoa.eus\/ca\/wp-json\/wp\/v2\/types\/post"}],"author":[{"embeddable":true,"href":"https:\/\/www.ataunturismoa.eus\/ca\/wp-json\/wp\/v2\/users\/5"}],"replies":[{"embeddable":true,"href":"https:\/\/www.ataunturismoa.eus\/ca\/wp-json\/wp\/v2\/comments?post=5212"}],"version-history":[{"count":1,"href":"https:\/\/www.ataunturismoa.eus\/ca\/wp-json\/wp\/v2\/posts\/5212\/revisions"}],"predecessor-version":[{"id":5213,"href":"https:\/\/www.ataunturismoa.eus\/ca\/wp-json\/wp\/v2\/posts\/5212\/revisions\/5213"}],"wp:featuredmedia":[{"embeddable":true,"href":"https:\/\/www.ataunturismoa.eus\/ca\/wp-json\/wp\/v2\/media\/1034"}],"wp:attachment":[{"href":"https:\/\/www.ataunturismoa.eus\/ca\/wp-json\/wp\/v2\/media?parent=5212"}],"wp:term":[{"taxonomy":"category","embeddable":true,"href":"https:\/\/www.ataunturismoa.eus\/ca\/wp-json\/wp\/v2\/categories?post=5212"},{"taxonomy":"post_tag","embeddable":true,"href":"https:\/\/www.ataunturismoa.eus\/ca\/wp-json\/wp\/v2\/tags?post=5212"}],"curies":[{"name":"wp","href":"https:\/\/api.w.org\/{rel}","templated":true}]}}