{"id":5210,"date":"2024-01-05T09:06:04","date_gmt":"2024-01-05T08:06:04","guid":{"rendered":"https:\/\/www.ataunturismoa.eus\/calcada-de-berrenoa\/"},"modified":"2024-01-05T09:06:04","modified_gmt":"2024-01-05T08:06:04","slug":"calcada-de-berrenoa","status":"publish","type":"post","link":"https:\/\/www.ataunturismoa.eus\/ca\/calcada-de-berrenoa\/","title":{"rendered":"CAL\u00c7ADA DE BERRENOA"},"content":{"rendered":"\n<p>La carretera que travessa actualment Ataun \u00e9s tardana, concretament del segle XIX, que no \u00e9s ni ombra de la import\u00e0ncia que va tenir el cam\u00ed antic. De fet, abans que es cre\u00e9s la xarxa de carreteres actual, al ser lloc de passada entre dos territoris, Ataun ha tingut sempre molt assimilat el seu car\u00e0cter de &#8220;porta\u201d.<\/p>\n\n<p>El cam\u00ed antic que unia Gipuzkoa i Navarra passava pel port de muntanya de Berrenoa, feia d\u2019itinerari Atxurrenea-Ergoiena-Sant Gregorio-Arrondo-Astigarraga-San Martin i en Igartza s\u2019ajuntava amb l\u2019antiga xarxa de carreteres de Gipuzkoa.<\/p>\n\n<p>Era cam\u00ed de carros i ferres, ja que el transport es realitzava amb rucs i cavalls. Encara queden restes d\u2019aquest cam\u00ed, com els vestigis de la cal\u00e7ada, ja que en Berrenoa es poden veure encara restes de la cal\u00e7ada de pedra constru\u00efda en l\u2019edat Mitjana.<\/p>\n\n<figure class=\"wp-block-gallery has-nested-images columns-default is-cropped wp-block-gallery-1 is-layout-flex wp-block-gallery-is-layout-flex\">\n<figure class=\"wp-block-image size-large\"><img loading=\"lazy\" decoding=\"async\" width=\"600\" height=\"450\" data-id=\"1181\" src=\"https:\/\/www.ataunturismoa.eus\/wp-content\/uploads\/2019\/10\/berrenoako-galtzada-1.jpg\" alt=\"\" class=\"wp-image-1181\" srcset=\"https:\/\/www.ataunturismoa.eus\/wp-content\/uploads\/2019\/10\/berrenoako-galtzada-1.jpg 600w, https:\/\/www.ataunturismoa.eus\/wp-content\/uploads\/2019\/10\/berrenoako-galtzada-1-300x225.jpg 300w, https:\/\/www.ataunturismoa.eus\/wp-content\/uploads\/2019\/10\/berrenoako-galtzada-1-160x120.jpg 160w\" sizes=\"auto, (max-width: 600px) 100vw, 600px\" \/><\/figure>\n\n\n\n<figure class=\"wp-block-image size-large\"><img loading=\"lazy\" decoding=\"async\" width=\"600\" height=\"450\" data-id=\"1176\" src=\"https:\/\/www.ataunturismoa.eus\/wp-content\/uploads\/2019\/10\/berrenoako-galtzada-03.jpg\" alt=\"\" class=\"wp-image-1176\" srcset=\"https:\/\/www.ataunturismoa.eus\/wp-content\/uploads\/2019\/10\/berrenoako-galtzada-03.jpg 600w, https:\/\/www.ataunturismoa.eus\/wp-content\/uploads\/2019\/10\/berrenoako-galtzada-03-300x225.jpg 300w, https:\/\/www.ataunturismoa.eus\/wp-content\/uploads\/2019\/10\/berrenoako-galtzada-03-160x120.jpg 160w\" sizes=\"auto, (max-width: 600px) 100vw, 600px\" \/><\/figure>\n\n\n\n<figure class=\"wp-block-image size-large\"><img loading=\"lazy\" decoding=\"async\" width=\"600\" height=\"450\" data-id=\"1171\" src=\"https:\/\/www.ataunturismoa.eus\/wp-content\/uploads\/2019\/10\/berrenoako-galtzada-02.jpg\" alt=\"\" class=\"wp-image-1171\" srcset=\"https:\/\/www.ataunturismoa.eus\/wp-content\/uploads\/2019\/10\/berrenoako-galtzada-02.jpg 600w, https:\/\/www.ataunturismoa.eus\/wp-content\/uploads\/2019\/10\/berrenoako-galtzada-02-300x225.jpg 300w, https:\/\/www.ataunturismoa.eus\/wp-content\/uploads\/2019\/10\/berrenoako-galtzada-02-160x120.jpg 160w\" sizes=\"auto, (max-width: 600px) 100vw, 600px\" \/><\/figure>\n<\/figure>\n","protected":false},"excerpt":{"rendered":"<p>La carretera que travessa actualment Ataun \u00e9s tardana, concretament del segle XIX, que no \u00e9s ni ombra de la import\u00e0ncia que va tenir el cam\u00ed antic. De fet, abans que es cre\u00e9s la xarxa de carreteres actual, al ser lloc de passada entre dos territoris, Ataun ha tingut sempre molt assimilat el seu car\u00e0cter de [&hellip;]<\/p>\n","protected":false},"author":5,"featured_media":1182,"comment_status":"closed","ping_status":"closed","sticky":false,"template":"","format":"standard","meta":{"footnotes":""},"categories":[41],"tags":[],"class_list":["post-5210","post","type-post","status-publish","format-standard","has-post-thumbnail","hentry","category-patrimoni-historic"],"acf":[],"yoast_head":"<!-- This site is optimized with the Yoast SEO plugin v27.5 - https:\/\/yoast.com\/product\/yoast-seo-wordpress\/ -->\n<title>CAL\u00c7ADA DE BERRENOA - Ataun Turismoa<\/title>\n<meta name=\"robots\" content=\"index, follow, max-snippet:-1, max-image-preview:large, max-video-preview:-1\" \/>\n<link rel=\"canonical\" href=\"https:\/\/www.ataunturismoa.eus\/ca\/calcada-de-berrenoa\/\" \/>\n<meta property=\"og:locale\" content=\"ca_ES\" \/>\n<meta property=\"og:type\" content=\"article\" \/>\n<meta property=\"og:title\" content=\"CAL\u00c7ADA DE BERRENOA - Ataun Turismoa\" \/>\n<meta property=\"og:description\" content=\"La carretera que travessa actualment Ataun \u00e9s tardana, concretament del segle XIX, que no \u00e9s ni ombra de la import\u00e0ncia que va tenir el cam\u00ed antic. De fet, abans que es cre\u00e9s la xarxa de carreteres actual, al ser lloc de passada entre dos territoris, Ataun ha tingut sempre molt assimilat el seu car\u00e0cter de [&hellip;]\" \/>\n<meta property=\"og:url\" content=\"https:\/\/www.ataunturismoa.eus\/ca\/calcada-de-berrenoa\/\" \/>\n<meta property=\"og:site_name\" content=\"Ataun Turismoa\" \/>\n<meta property=\"article:published_time\" content=\"2024-01-05T08:06:04+00:00\" \/>\n<meta property=\"og:image\" content=\"https:\/\/www.ataunturismoa.eus\/wp-content\/uploads\/2019\/10\/berrenoako-galtzada-1.jpg\" \/>\n\t<meta property=\"og:image:width\" content=\"600\" \/>\n\t<meta property=\"og:image:height\" content=\"450\" \/>\n\t<meta property=\"og:image:type\" content=\"image\/jpeg\" \/>\n<meta name=\"author\" content=\"Unai\" \/>\n<meta name=\"twitter:card\" content=\"summary_large_image\" \/>\n<meta name=\"twitter:label1\" content=\"Escrit per\" \/>\n\t<meta name=\"twitter:data1\" content=\"Unai\" \/>\n\t<meta name=\"twitter:label2\" content=\"Temps estimat de lectura\" \/>\n\t<meta name=\"twitter:data2\" content=\"1 minut\" \/>\n<script type=\"application\/ld+json\" class=\"yoast-schema-graph\">{\"@context\":\"https:\\\/\\\/schema.org\",\"@graph\":[{\"@type\":\"Article\",\"@id\":\"https:\\\/\\\/www.ataunturismoa.eus\\\/ca\\\/calcada-de-berrenoa\\\/#article\",\"isPartOf\":{\"@id\":\"https:\\\/\\\/www.ataunturismoa.eus\\\/ca\\\/calcada-de-berrenoa\\\/\"},\"author\":{\"name\":\"Unai\",\"@id\":\"https:\\\/\\\/www.ataunturismoa.eus\\\/eu\\\/#\\\/schema\\\/person\\\/7d97f3ca1cff93662da761b13d8ed299\"},\"headline\":\"CAL\u00c7ADA DE BERRENOA\",\"datePublished\":\"2024-01-05T08:06:04+00:00\",\"mainEntityOfPage\":{\"@id\":\"https:\\\/\\\/www.ataunturismoa.eus\\\/ca\\\/calcada-de-berrenoa\\\/\"},\"wordCount\":147,\"image\":{\"@id\":\"https:\\\/\\\/www.ataunturismoa.eus\\\/ca\\\/calcada-de-berrenoa\\\/#primaryimage\"},\"thumbnailUrl\":\"https:\\\/\\\/www.ataunturismoa.eus\\\/wp-content\\\/uploads\\\/2019\\\/10\\\/berrenoako-galtzada-1.jpg\",\"articleSection\":[\"Patrimoni hist\u00f2ric\"],\"inLanguage\":\"ca\"},{\"@type\":\"WebPage\",\"@id\":\"https:\\\/\\\/www.ataunturismoa.eus\\\/ca\\\/calcada-de-berrenoa\\\/\",\"url\":\"https:\\\/\\\/www.ataunturismoa.eus\\\/ca\\\/calcada-de-berrenoa\\\/\",\"name\":\"CAL\u00c7ADA DE BERRENOA - Ataun Turismoa\",\"isPartOf\":{\"@id\":\"https:\\\/\\\/www.ataunturismoa.eus\\\/eu\\\/#website\"},\"primaryImageOfPage\":{\"@id\":\"https:\\\/\\\/www.ataunturismoa.eus\\\/ca\\\/calcada-de-berrenoa\\\/#primaryimage\"},\"image\":{\"@id\":\"https:\\\/\\\/www.ataunturismoa.eus\\\/ca\\\/calcada-de-berrenoa\\\/#primaryimage\"},\"thumbnailUrl\":\"https:\\\/\\\/www.ataunturismoa.eus\\\/wp-content\\\/uploads\\\/2019\\\/10\\\/berrenoako-galtzada-1.jpg\",\"datePublished\":\"2024-01-05T08:06:04+00:00\",\"author\":{\"@id\":\"https:\\\/\\\/www.ataunturismoa.eus\\\/eu\\\/#\\\/schema\\\/person\\\/7d97f3ca1cff93662da761b13d8ed299\"},\"breadcrumb\":{\"@id\":\"https:\\\/\\\/www.ataunturismoa.eus\\\/ca\\\/calcada-de-berrenoa\\\/#breadcrumb\"},\"inLanguage\":\"ca\",\"potentialAction\":[{\"@type\":\"ReadAction\",\"target\":[\"https:\\\/\\\/www.ataunturismoa.eus\\\/ca\\\/calcada-de-berrenoa\\\/\"]}]},{\"@type\":\"ImageObject\",\"inLanguage\":\"ca\",\"@id\":\"https:\\\/\\\/www.ataunturismoa.eus\\\/ca\\\/calcada-de-berrenoa\\\/#primaryimage\",\"url\":\"https:\\\/\\\/www.ataunturismoa.eus\\\/wp-content\\\/uploads\\\/2019\\\/10\\\/berrenoako-galtzada-1.jpg\",\"contentUrl\":\"https:\\\/\\\/www.ataunturismoa.eus\\\/wp-content\\\/uploads\\\/2019\\\/10\\\/berrenoako-galtzada-1.jpg\",\"width\":600,\"height\":450},{\"@type\":\"BreadcrumbList\",\"@id\":\"https:\\\/\\\/www.ataunturismoa.eus\\\/ca\\\/calcada-de-berrenoa\\\/#breadcrumb\",\"itemListElement\":[{\"@type\":\"ListItem\",\"position\":1,\"name\":\"Inicio\",\"item\":\"https:\\\/\\\/www.ataunturismoa.eus\\\/ca\\\/\"},{\"@type\":\"ListItem\",\"position\":2,\"name\":\"Uncategorized @eu\",\"item\":\"https:\\\/\\\/www.ataunturismoa.eus\\\/eu\\\/category\\\/uncategorized-eu\\\/\"},{\"@type\":\"ListItem\",\"position\":3,\"name\":\"CAL\u00c7ADA DE BERRENOA\"}]},{\"@type\":\"WebSite\",\"@id\":\"https:\\\/\\\/www.ataunturismoa.eus\\\/eu\\\/#website\",\"url\":\"https:\\\/\\\/www.ataunturismoa.eus\\\/eu\\\/\",\"name\":\"Ataun Turismoa\",\"description\":\"\",\"potentialAction\":[{\"@type\":\"SearchAction\",\"target\":{\"@type\":\"EntryPoint\",\"urlTemplate\":\"https:\\\/\\\/www.ataunturismoa.eus\\\/eu\\\/?s={search_term_string}\"},\"query-input\":{\"@type\":\"PropertyValueSpecification\",\"valueRequired\":true,\"valueName\":\"search_term_string\"}}],\"inLanguage\":\"ca\"},{\"@type\":\"Person\",\"@id\":\"https:\\\/\\\/www.ataunturismoa.eus\\\/eu\\\/#\\\/schema\\\/person\\\/7d97f3ca1cff93662da761b13d8ed299\",\"name\":\"Unai\",\"image\":{\"@type\":\"ImageObject\",\"inLanguage\":\"ca\",\"@id\":\"https:\\\/\\\/secure.gravatar.com\\\/avatar\\\/0dcea0ce3ec28cf808b3ac031fac40bc4bae43636180ba5f8332264b7ce51057?s=96&d=mm&r=g\",\"url\":\"https:\\\/\\\/secure.gravatar.com\\\/avatar\\\/0dcea0ce3ec28cf808b3ac031fac40bc4bae43636180ba5f8332264b7ce51057?s=96&d=mm&r=g\",\"contentUrl\":\"https:\\\/\\\/secure.gravatar.com\\\/avatar\\\/0dcea0ce3ec28cf808b3ac031fac40bc4bae43636180ba5f8332264b7ce51057?s=96&d=mm&r=g\",\"caption\":\"Unai\"},\"url\":\"https:\\\/\\\/www.ataunturismoa.eus\\\/ca\\\/author\\\/unaisaretu-com\\\/\"}]}<\/script>\n<!-- \/ Yoast SEO plugin. -->","yoast_head_json":{"title":"CAL\u00c7ADA DE BERRENOA - Ataun Turismoa","robots":{"index":"index","follow":"follow","max-snippet":"max-snippet:-1","max-image-preview":"max-image-preview:large","max-video-preview":"max-video-preview:-1"},"canonical":"https:\/\/www.ataunturismoa.eus\/ca\/calcada-de-berrenoa\/","og_locale":"ca_ES","og_type":"article","og_title":"CAL\u00c7ADA DE BERRENOA - Ataun Turismoa","og_description":"La carretera que travessa actualment Ataun \u00e9s tardana, concretament del segle XIX, que no \u00e9s ni ombra de la import\u00e0ncia que va tenir el cam\u00ed antic. De fet, abans que es cre\u00e9s la xarxa de carreteres actual, al ser lloc de passada entre dos territoris, Ataun ha tingut sempre molt assimilat el seu car\u00e0cter de [&hellip;]","og_url":"https:\/\/www.ataunturismoa.eus\/ca\/calcada-de-berrenoa\/","og_site_name":"Ataun Turismoa","article_published_time":"2024-01-05T08:06:04+00:00","og_image":[{"width":600,"height":450,"url":"https:\/\/www.ataunturismoa.eus\/wp-content\/uploads\/2019\/10\/berrenoako-galtzada-1.jpg","type":"image\/jpeg"}],"author":"Unai","twitter_card":"summary_large_image","twitter_misc":{"Escrit per":"Unai","Temps estimat de lectura":"1 minut"},"schema":{"@context":"https:\/\/schema.org","@graph":[{"@type":"Article","@id":"https:\/\/www.ataunturismoa.eus\/ca\/calcada-de-berrenoa\/#article","isPartOf":{"@id":"https:\/\/www.ataunturismoa.eus\/ca\/calcada-de-berrenoa\/"},"author":{"name":"Unai","@id":"https:\/\/www.ataunturismoa.eus\/eu\/#\/schema\/person\/7d97f3ca1cff93662da761b13d8ed299"},"headline":"CAL\u00c7ADA DE BERRENOA","datePublished":"2024-01-05T08:06:04+00:00","mainEntityOfPage":{"@id":"https:\/\/www.ataunturismoa.eus\/ca\/calcada-de-berrenoa\/"},"wordCount":147,"image":{"@id":"https:\/\/www.ataunturismoa.eus\/ca\/calcada-de-berrenoa\/#primaryimage"},"thumbnailUrl":"https:\/\/www.ataunturismoa.eus\/wp-content\/uploads\/2019\/10\/berrenoako-galtzada-1.jpg","articleSection":["Patrimoni hist\u00f2ric"],"inLanguage":"ca"},{"@type":"WebPage","@id":"https:\/\/www.ataunturismoa.eus\/ca\/calcada-de-berrenoa\/","url":"https:\/\/www.ataunturismoa.eus\/ca\/calcada-de-berrenoa\/","name":"CAL\u00c7ADA DE BERRENOA - Ataun Turismoa","isPartOf":{"@id":"https:\/\/www.ataunturismoa.eus\/eu\/#website"},"primaryImageOfPage":{"@id":"https:\/\/www.ataunturismoa.eus\/ca\/calcada-de-berrenoa\/#primaryimage"},"image":{"@id":"https:\/\/www.ataunturismoa.eus\/ca\/calcada-de-berrenoa\/#primaryimage"},"thumbnailUrl":"https:\/\/www.ataunturismoa.eus\/wp-content\/uploads\/2019\/10\/berrenoako-galtzada-1.jpg","datePublished":"2024-01-05T08:06:04+00:00","author":{"@id":"https:\/\/www.ataunturismoa.eus\/eu\/#\/schema\/person\/7d97f3ca1cff93662da761b13d8ed299"},"breadcrumb":{"@id":"https:\/\/www.ataunturismoa.eus\/ca\/calcada-de-berrenoa\/#breadcrumb"},"inLanguage":"ca","potentialAction":[{"@type":"ReadAction","target":["https:\/\/www.ataunturismoa.eus\/ca\/calcada-de-berrenoa\/"]}]},{"@type":"ImageObject","inLanguage":"ca","@id":"https:\/\/www.ataunturismoa.eus\/ca\/calcada-de-berrenoa\/#primaryimage","url":"https:\/\/www.ataunturismoa.eus\/wp-content\/uploads\/2019\/10\/berrenoako-galtzada-1.jpg","contentUrl":"https:\/\/www.ataunturismoa.eus\/wp-content\/uploads\/2019\/10\/berrenoako-galtzada-1.jpg","width":600,"height":450},{"@type":"BreadcrumbList","@id":"https:\/\/www.ataunturismoa.eus\/ca\/calcada-de-berrenoa\/#breadcrumb","itemListElement":[{"@type":"ListItem","position":1,"name":"Inicio","item":"https:\/\/www.ataunturismoa.eus\/ca\/"},{"@type":"ListItem","position":2,"name":"Uncategorized @eu","item":"https:\/\/www.ataunturismoa.eus\/eu\/category\/uncategorized-eu\/"},{"@type":"ListItem","position":3,"name":"CAL\u00c7ADA DE BERRENOA"}]},{"@type":"WebSite","@id":"https:\/\/www.ataunturismoa.eus\/eu\/#website","url":"https:\/\/www.ataunturismoa.eus\/eu\/","name":"Ataun Turismoa","description":"","potentialAction":[{"@type":"SearchAction","target":{"@type":"EntryPoint","urlTemplate":"https:\/\/www.ataunturismoa.eus\/eu\/?s={search_term_string}"},"query-input":{"@type":"PropertyValueSpecification","valueRequired":true,"valueName":"search_term_string"}}],"inLanguage":"ca"},{"@type":"Person","@id":"https:\/\/www.ataunturismoa.eus\/eu\/#\/schema\/person\/7d97f3ca1cff93662da761b13d8ed299","name":"Unai","image":{"@type":"ImageObject","inLanguage":"ca","@id":"https:\/\/secure.gravatar.com\/avatar\/0dcea0ce3ec28cf808b3ac031fac40bc4bae43636180ba5f8332264b7ce51057?s=96&d=mm&r=g","url":"https:\/\/secure.gravatar.com\/avatar\/0dcea0ce3ec28cf808b3ac031fac40bc4bae43636180ba5f8332264b7ce51057?s=96&d=mm&r=g","contentUrl":"https:\/\/secure.gravatar.com\/avatar\/0dcea0ce3ec28cf808b3ac031fac40bc4bae43636180ba5f8332264b7ce51057?s=96&d=mm&r=g","caption":"Unai"},"url":"https:\/\/www.ataunturismoa.eus\/ca\/author\/unaisaretu-com\/"}]}},"_links":{"self":[{"href":"https:\/\/www.ataunturismoa.eus\/ca\/wp-json\/wp\/v2\/posts\/5210","targetHints":{"allow":["GET"]}}],"collection":[{"href":"https:\/\/www.ataunturismoa.eus\/ca\/wp-json\/wp\/v2\/posts"}],"about":[{"href":"https:\/\/www.ataunturismoa.eus\/ca\/wp-json\/wp\/v2\/types\/post"}],"author":[{"embeddable":true,"href":"https:\/\/www.ataunturismoa.eus\/ca\/wp-json\/wp\/v2\/users\/5"}],"replies":[{"embeddable":true,"href":"https:\/\/www.ataunturismoa.eus\/ca\/wp-json\/wp\/v2\/comments?post=5210"}],"version-history":[{"count":1,"href":"https:\/\/www.ataunturismoa.eus\/ca\/wp-json\/wp\/v2\/posts\/5210\/revisions"}],"predecessor-version":[{"id":5211,"href":"https:\/\/www.ataunturismoa.eus\/ca\/wp-json\/wp\/v2\/posts\/5210\/revisions\/5211"}],"wp:featuredmedia":[{"embeddable":true,"href":"https:\/\/www.ataunturismoa.eus\/ca\/wp-json\/wp\/v2\/media\/1182"}],"wp:attachment":[{"href":"https:\/\/www.ataunturismoa.eus\/ca\/wp-json\/wp\/v2\/media?parent=5210"}],"wp:term":[{"taxonomy":"category","embeddable":true,"href":"https:\/\/www.ataunturismoa.eus\/ca\/wp-json\/wp\/v2\/categories?post=5210"},{"taxonomy":"post_tag","embeddable":true,"href":"https:\/\/www.ataunturismoa.eus\/ca\/wp-json\/wp\/v2\/tags?post=5210"}],"curies":[{"name":"wp","href":"https:\/\/api.w.org\/{rel}","templated":true}]}}